{"id":12943,"date":"2023-07-07T18:03:51","date_gmt":"2023-07-07T23:03:51","guid":{"rendered":"http:\/\/localhost\/blogchullos\/?p=12943"},"modified":"2023-07-07T18:03:51","modified_gmt":"2023-07-07T23:03:51","slug":"la-fiesta-de-pucartambo","status":"publish","type":"post","link":"https:\/\/www.chullostravelperu.com\/blog\/la-fiesta-de-pucartambo","title":{"rendered":"La Fiesta De Paucartambo"},"content":{"rendered":"<h2><\/h2>\n<h2 style=\"text-align: center;\"><strong><img loading=\"lazy\" decoding=\"async\" class=\"size-full wp-image-16463 aligncenter\" src=\"http:\/\/localhost\/chullostravelperublog\/wp-content\/uploads\/2023\/07\/Puente-de-Paucartambo.jpg\" alt=\"\" width=\"1000\" height=\"600\" srcset=\"https:\/\/www.chullostravelperu.com\/blog\/wp-content\/uploads\/2023\/07\/Puente-de-Paucartambo.jpg 1000w, https:\/\/www.chullostravelperu.com\/blog\/wp-content\/uploads\/2023\/07\/Puente-de-Paucartambo-300x180.jpg 300w, https:\/\/www.chullostravelperu.com\/blog\/wp-content\/uploads\/2023\/07\/Puente-de-Paucartambo-768x461.jpg 768w\" sizes=\"auto, (max-width: 1000px) 100vw, 1000px\" \/><\/strong><\/h2>\n<h2 style=\"text-align: center;\"><strong>La Fiesta De Paucartambo<\/strong><\/h2>\n<p>Se viene el mes de julio con todo y no faltan razones para visitar Cusco.\u00a0 Es el mes patrio del Per\u00fa y en Cusco se da la fiesta de Paucartambo, all\u00ed miles de personas se congregan para la celebraci\u00f3n de la <a href=\"https:\/\/es.wikipedia.org\/wiki\/Fiesta_de_la_Virgen_del_Carmen_de_Paucartambo\">Virgen del Carmen<\/a>, mediante misas, procesiones y bailes, es una colorida celebraci\u00f3n de alegr\u00eda y tradici\u00f3n.<\/p>\n<p>La fiesta de Paucartambo se realiza cada a\u00f1o, dando inicio el 15 de julio hasta el 19 del mismo mes. Se honra a la Virgen del Carmen o tambi\u00e9n conocida como \u00abMamacha del Carmen\u00bb quien es la madre de todos los Paucartambinos y se celebra con gran entusiasmo. El festival ve a personas de toda la ciudad dejar de lado sus trabajos diarios para vestirse con hermosos trajes y m\u00e1scaras de colores brillantes que cubren sus rostros y bailan en danzas ancestrales.<\/p>\n<p>\u00a1No esperes m\u00e1s y visita Paucartambo!<\/p>\n<h3><strong>\u00bfC\u00f3mo llegar a Paucartambo?<\/strong><\/h3>\n<p>La provincia de\u00a0Paucartambo\u00a0est\u00e1 ubicada en\u00a0el borde oriental de la cordillera de los Andes. Limita con las provincias de Madre de Dios, Calca y Quispicanchi.<\/p>\n<p>Para llegar a\u00a0Paucartambo se puede\u00a0tomar un tour privado o tomar\u00a0un bus\u00a0desde la ciudad\u00a0del Cusco. Podemos tomar carros de la Av. Diagonal Angamos y el costo del pasaje var\u00eda entre 13 y 15 soles, as\u00ed mismo el tiempo de recorrido es de 3 horas aproximadamente.<\/p>\n<h4><strong>Altitud de la Provincia <\/strong><\/h4>\n<p>La provincia de Paucartambo se encuentra a una altitud de 3,017 metros sobre el nivel del mar a una distancia de 110 kil\u00f3metros desde la ciudad del Cusco.<\/p>\n<h3><strong>La Fiesta de la Virgen del Carmen en Paucartambo<\/strong><\/h3>\n<p>La Virgen del Carmen, tambi\u00e9n conocida como Mamacha Carmen,\u00a0se celebrar\u00e1 por todo\u00a0lo\u00a0alto\u00a0durante 3 d\u00edas.<\/p>\n<p>Las celebraciones comienzan el 15 de julio con la quema de castillos y serenatas por la noche, y el 16 tiene lugar el acto religioso principal de inicio de las celebraciones: la Misa de la Aurora a las 5 am y la misa de celebraci\u00f3n a las 10. Am. \u00a0En esta \u00faltima se interpretan cantos de los q&#8217;ollas negros y qhapac (expresiones culturales de los antiguos habitantes de Paucartambo). En el resto del d\u00eda, puedes ver bailar y escuchar orquestas en las calles.<\/p>\n<p>El 17 de julio\u00a0tiene lugar\u00a0la procesi\u00f3n de\u00a0Nuestra Se\u00f1ora\u00a0del Carmen.<\/p>\n<p>En\u00a0este\u00a0d\u00eda\u00a0se realiza\u00a0una tradicional actuaci\u00f3n guerrillera con\u00a0la\u00a0participaci\u00f3n\u00a0de 19\u00a0grupos de danzas, cuadrillas,\u00a0pobladores y\u00a0turistas.\u00a0Entre estas\u00a0comparaciones\u00a0tenemos: maje\u00f1os, qhapac\u00a0negro,\u00a0siclla, kachampa y muchos\u00a0otros.<\/p>\n<p>Tambi\u00e9n son dignos de atenci\u00f3n los Chunchus, los llamados guardianes de la Virgen Carmen, que la acompa\u00f1an en cada paso del camino, y los Saqras, peque\u00f1os demonios que no pueden mirar a la Virgen a los ojos y realizan peligrosas acrobacias, llegando incluso a los tejados, siempre ataviados con su traje tradicional.<\/p>\n<p>El 18 de julio,\u00a0el ultimo d\u00eda de la celebraci\u00f3n se lleva a la virgen del Carmen al templo, es donde ese d\u00eda los sacerdotes realizan\u00a0el\u00a0tradicional Hoqarikuy para bendecir\u00a0a los\u00a0ni\u00f1os.\u00a0Finalmente,\u00a0la\u00a0celebraci\u00f3n termina\u00a0con la bendici\u00f3n\u00a0de un\u00a0sacerdote a todo el pueblo.<\/p>\n<p><img loading=\"lazy\" decoding=\"async\" class=\"size-full wp-image-16464 aligncenter\" src=\"http:\/\/localhost\/chullostravelperublog\/wp-content\/uploads\/2023\/07\/Fiesta-de-la-Virgen-del-Carmen.jpg\" alt=\"\" width=\"1000\" height=\"600\" srcset=\"https:\/\/www.chullostravelperu.com\/blog\/wp-content\/uploads\/2023\/07\/Fiesta-de-la-Virgen-del-Carmen.jpg 1000w, https:\/\/www.chullostravelperu.com\/blog\/wp-content\/uploads\/2023\/07\/Fiesta-de-la-Virgen-del-Carmen-300x180.jpg 300w, https:\/\/www.chullostravelperu.com\/blog\/wp-content\/uploads\/2023\/07\/Fiesta-de-la-Virgen-del-Carmen-768x461.jpg 768w\" sizes=\"auto, (max-width: 1000px) 100vw, 1000px\" \/><\/p>\n<h3 style=\"text-align: center;\">Historia de la Virgen del Carmen<\/h3>\n<p>Hay varias historias sobre el\u00a0origen de\u00a0esta festividad,\u00a0una de ellas\u00a0es la siguiente:<\/p>\n<p>Cuando\u00a0el entonces gobernante del\u00a0Per\u00fa, Conde\u00a0Pedro Fern\u00e1ndez Castro\u00a0Andrade\u00a0de Lemos,\u00a0cruz\u00f3\u00a0el\u00a0Alto Per\u00fa y lleg\u00f3\u00a0al\u00a0Cuzco v\u00eda Puno,\u00a0le\u00a0dijeron\u00a0que en\u00a0Pucar\u00e1\u00a0hab\u00eda\u00a0ocurrido\u00a0un\u00a0milagro porque se hab\u00eda aparecido\u00a0en una roca la efigie de una Virgen y cuando el\u00a0mismo gobernador lo confirm\u00f3, \u00e9l estaba asombrado\u00a0de su\u00a0perfecci\u00f3n.<\/p>\n<p>Entonces de regreso a la capital ducal, envi\u00f3 a un pintor a Pucar\u00e1 para que trasladara el lienzo. Este milagro, result\u00f3 ser una obra inigualable, es as\u00ed que el propio Virrey, Conde de Lemos, mand\u00f3 tallar dos estatuas de igual tama\u00f1o y las envi\u00f3 a Pucara para que las fijen en este templo, y la otra a Puno.<\/p>\n<p>A pesar del paso de los a\u00f1os, los pune\u00f1os que viven en Pucar\u00e1 no han recolectado ninguna fotograf\u00eda.<\/p>\n<p>Cuando la noticia lleg\u00f3 a o\u00eddos de la se\u00f1ora Mar\u00eda Campos, quien estaba muy bien econ\u00f3micamente y vino a Paucartambo desde Puno, hizo arreglos para traer la imagen a Paucartambo, y desde ese d\u00eda en adelante su fiesta se celebrar\u00e1 con la mayor grandeza posible. En 1972, Nuestra Se\u00f1ora del\u00a0Carmen\u00a0fue\u00a0declarada patrona de\u00a0los bailarines folcl\u00f3ricos,\u00a0y el Papa Juan Pablo II\u00a0la trajo a la ciudad del Cusco para su condecoraci\u00f3n\u00a0en febrero de\u00a01985.<\/p>\n<p>. \u00a1Vive y siente la pasi\u00f3n de Nuestra Se\u00f1ora de Paucartambo!<\/p>\n<p><b>Gastronom\u00eda<\/b><strong> durante la fiesta de la Virgen del Carmen<\/strong><\/p>\n<p>Como cualquier destino\u00a0en\u00a0el Per\u00fa,\u00a0\u00a1no\u00a0te puedes equivocar con una buena\u00a0comida! Durante\u00a0la fiesta de Paucartambo\u00a0puedes disfrutar de\u00a0platos locales en el restaurante, donde cuya carta incluye la merienda que es el plato propio del festival y refleja\u00a0la\u00a0fusi\u00f3n Paucartambino, esta delicia incluye cuy a\u00a0la\u00a0parrilla,\u00a0estofado de cordero,\u00a0kapchi de habas, tallarines con crema, rocoto\u00a0relleno,\u00a0fideos,\u00a0arroz,\u00a0pasta al\u00a0huevo\u00a0y m\u00e1s.<\/p>\n<p>Este plato se sirve en algunos restaurantes t\u00edpicos de Paucartambo as\u00ed como en los Cargowasiyoc (casa de Caguyoc).<\/p>\n<h3><strong>\u00bfQu\u00e9 hacer en Paucartambo?<\/strong><\/h3>\n<p>La fiesta de Paucartambo te cautivara con su espectacular cultura que posee. Si vives la experiencia de la fiesta de Paucartambo, no te pierdas de ver los paisajes m\u00e1s hermosos desde lo alto de los andes. A los 3650 se puede observar el bosque de neblina y as\u00ed mismo la puna que albergan diferentes especies de flora y fauna. Se aprecia helechos, orqu\u00eddeas, bromelias, aves vistosas de diferentes colores, oso de anteojos y pumas alto andinas.<\/p>\n<ul>\n<li>\n<h5><a href=\"http:\/\/localhost\/blogchullos\/cusco\/la-fiesta-de-pucartambo\/\"><strong>Visitar el Mirador <\/strong><strong>Tres Cruces<\/strong><\/a><\/h5>\n<\/li>\n<\/ul>\n<p>Aprovechando que estas en la fiesta de la virgen del Carmen puedes vicitar el mierador tres cruces que est\u00e1 a solo 45 kil\u00f3metros de la localidad de Paucartambo.<\/p>\n<p>En el puesto de control de Acjanaco y el mirador de Tres Cruces se puede ver una incre\u00edble salida del sol, esto en los meses de junio hasta agosto. Muchas personas visitan en los meses de junio y julio para apreciar este inusual fen\u00f3meno que ocurre por el solsticio de invierno.<\/p>\n<p>Se debe acceder por una carretera de 13 kil\u00f3metros desde el puesto de control Acjanaco donde se registran los visitantes para ingresar al Parque Nacional del Manu.<\/p>\n<h3><strong>Datos importantes para visitar<\/strong><strong> el <a href=\"http:\/\/localhost\/blogchullos\/blog\/mirador-tres-cruces-de-oro-paucartambo\/\">Mirador Tres Cruces<\/a><\/strong><\/h3>\n<p>El amanecer\u00a0se puede ver\u00a0desde el mirador\u00a0entre\u00a0las 4:30\u00a0y\u00a0las 5:30 de la ma\u00f1ana,\u00a0d\u00e1ndote\u00a0una hora para tomar\u00a0fotograf\u00edas\u00a0y\u00a0disfrutar al m\u00e1ximo de\u00a0esta incre\u00edble\u00a0experiencia.<\/p>\n<p>Al amanecer se produce una ilusi\u00f3n \u00f3ptica que da como resultado un doble amanecer. El primer amanecer se ve salir el sol entre los horizontes durante 20 minutos, y en el segundo amanecer se enciende el sol entre las vastas selvas del Parque Nacional del Manu.<\/p>\n<p><strong>\u00a1Importante!<\/strong><\/p>\n<p>No olvides empacar suficiente equipo cuando salgas, incluidos zapatos c\u00f3modos\u00a0para\u00a0caminar, protector solar\u00a0para\u00a0protegerte\u00a0de los rayos\u00a0ultra violetas y una buena chaqueta, ya que\u00a0las temperaturas\u00a0pueden bajar\u00a0hasta 5 grados\u00a0entre\u00a0la noche\u00a0y\u00a0el\u00a0amanecer.<\/p>\n<p><img loading=\"lazy\" decoding=\"async\" class=\"size-full wp-image-16465 aligncenter\" src=\"http:\/\/localhost\/chullostravelperublog\/wp-content\/uploads\/2023\/07\/Mirador-de-tres-cruces.jpg\" alt=\"\" width=\"1000\" height=\"600\" srcset=\"https:\/\/www.chullostravelperu.com\/blog\/wp-content\/uploads\/2023\/07\/Mirador-de-tres-cruces.jpg 1000w, https:\/\/www.chullostravelperu.com\/blog\/wp-content\/uploads\/2023\/07\/Mirador-de-tres-cruces-300x180.jpg 300w, https:\/\/www.chullostravelperu.com\/blog\/wp-content\/uploads\/2023\/07\/Mirador-de-tres-cruces-768x461.jpg 768w\" sizes=\"auto, (max-width: 1000px) 100vw, 1000px\" \/><\/p>\n<h3>Principales Danzas que Acompa\u00f1an a la Virgen del Carmen<\/h3>\n<h4><strong>Danzaq<\/strong><\/h4>\n<p>Es una danza conocida tambi\u00e9n como \u201cTusuq\u201d del vocablo quechua. El \u00abDanzaq\u00bb\u00a0o\u00a0\u00abTusuq\u00bb es un baile que por su color y gracia lo llevan principalmente\u00a0las\u00a0muchachas mayores\u00a0de\u00a0quince a\u00f1os, consideradas seductoras, conquistadoras de las\u00a0casadas y\u00a0consoladoras\u00a0de\u00a0las viudas.<\/p>\n<h4><strong>Chunchachas<\/strong><\/h4>\n<p>Esta danza es representativa de las mujeres de la selva de Kosnipata, pero tiene una clara influencia mestiza debido a los trajes que se usan y la m\u00fasica que la acompa\u00f1a. Su traje incluye una corona de amazonas con cabello, un pechera que representa a la Virgen, dos ch&#8217;uspas para sus wayruros y un vestido adecuado donde lleva su chonta y sinehon.<\/p>\n<h4><strong>Qhapaq Negro<\/strong><\/h4>\n<p>El baile,\u00a0que\u00a0significa \u00abnegro rico\u00bb\u00a0en\u00a0espa\u00f1ol, recuerda los d\u00edas de esclavitud\u00a0y\u00a0servidumbre\u00a0de\u00a0los negros\u00a0que\u00a0usaban\u00a0cadenas en se\u00f1al de sumisi\u00f3n.<\/p>\n<p>En la actualidad, los negros de Paucartambo se consideran esclavos de Nuestra Se\u00f1ora del Carmen y ofrecen hermosas y maravillosas danzas y cantos sentimentales a Nuestra Se\u00f1ora del Carmen.<\/p>\n<h4><strong>Qhapaq Qolla<\/strong><\/h4>\n<p>Es una danza representativa del pueblo Qollasuyu y sus or\u00edgenes se remontan a la \u00e9poca colonial cuando los comerciantes Qollavinos llegaron a Paucartambo. La esencia de este baile es la devoci\u00f3n a la \u00abMamacha del Carmen\u00bb que canta, baila y anima en las fiestas.<\/p>\n<p>El danzante lleva un sombrero bellamente decorado, el waq&#8217;ollo y la lliclla son de pelo de vicu\u00f1a.<\/p>\n<h4><strong>Qhapaq Ch&#8217;uncho<\/strong><\/h4>\n<p>Es una danza que representa a los guerreros de la selva de Q\u00f3s\u00f1ipata. En su vestimenta donde utilizan plumas multicolores llamadas \u00abch&#8217;ucu\u00bb, cabello largo, m\u00e1scaras de malla, unku como faldas, m\u00e1scaras de malla de alambre y portan lanzas de chonta. La banda es t\u00edpica (dos flautas, bater\u00eda y bombo).<\/p>\n<h3><strong>\u00bfQue <\/strong><strong>llevar<\/strong><strong>?<\/strong><\/h3>\n<ul>\n<li>Llevar ropa abrigadora ya que las temperaturas pueden llegar a bajar hasta los 5\u00b0 C entre la noche y el amanecer.<\/li>\n<li>Ropa impermeable para la lluvia.<\/li>\n<li>Nunca debe faltar tus documentos de identidad.<\/li>\n<li>Zapatos c\u00f3modos para caminar.<\/li>\n<li>Bloqueador solar.<\/li>\n<\/ul>\n<p><img loading=\"lazy\" decoding=\"async\" class=\"size-full wp-image-16466 aligncenter\" src=\"http:\/\/localhost\/chullostravelperublog\/wp-content\/uploads\/2023\/07\/Vigen-del-Carmen-danzas.jpg\" alt=\"\" width=\"1000\" height=\"600\" srcset=\"https:\/\/www.chullostravelperu.com\/blog\/wp-content\/uploads\/2023\/07\/Vigen-del-Carmen-danzas.jpg 1000w, https:\/\/www.chullostravelperu.com\/blog\/wp-content\/uploads\/2023\/07\/Vigen-del-Carmen-danzas-300x180.jpg 300w, https:\/\/www.chullostravelperu.com\/blog\/wp-content\/uploads\/2023\/07\/Vigen-del-Carmen-danzas-768x461.jpg 768w\" sizes=\"auto, (max-width: 1000px) 100vw, 1000px\" \/><\/p>\n<p style=\"text-align: center;\">La Fiesta de Paucartambo<\/p>\n","protected":false},"excerpt":{"rendered":"<p>La Fiesta De Paucartambo Se viene el mes de julio con todo y no faltan razones para visitar Cusco.\u00a0 Es el mes patrio del Per\u00fa y en Cusco se da la fiesta de Paucartambo, all\u00ed miles de personas se congregan para la celebraci\u00f3n de la Virgen del Carmen, mediante misas, procesiones y bailes, es una [&hellip;]<\/p>\n","protected":false},"author":1,"featured_media":0,"comment_status":"open","ping_status":"open","sticky":false,"template":"","format":"standard","meta":{"footnotes":""},"categories":[11,17],"tags":[],"class_list":["post-12943","post","type-post","status-publish","format-standard","hentry","category-blog","category-cusco-en"],"acf":[],"yoast_head":"<!-- This site is optimized with the Yoast SEO plugin v27.4 - https:\/\/yoast.com\/product\/yoast-seo-wordpress\/ -->\n<title>\u00a0La Fiesta de Paucartambo | VISITA EL MIRADOR DE 3 CRUCES |<\/title>\n<meta name=\"description\" content=\"Esta festividad se realiza cada a\u00f1o, inicia el 15 hasta el 19 de Julio y\u00a0se\u00a0honra\u00a0a la Virgen del Carmen...La Fiesta de Paucartambo\" \/>\n<meta name=\"robots\" content=\"index, follow, max-snippet:-1, max-image-preview:large, max-video-preview:-1\" \/>\n<link rel=\"canonical\" href=\"https:\/\/www.chullostravelperu.com\/blog\/la-fiesta-de-pucartambo\" \/>\n<meta property=\"og:locale\" content=\"es_ES\" \/>\n<meta property=\"og:type\" content=\"article\" \/>\n<meta property=\"og:title\" content=\"\u00a0La Fiesta de Paucartambo | VISITA EL MIRADOR DE 3 CRUCES |\" \/>\n<meta property=\"og:description\" content=\"Esta festividad se realiza cada a\u00f1o, inicia el 15 hasta el 19 de Julio y\u00a0se\u00a0honra\u00a0a la Virgen del Carmen...La Fiesta de Paucartambo\" \/>\n<meta property=\"og:url\" content=\"https:\/\/www.chullostravelperu.com\/blog\/la-fiesta-de-pucartambo\" \/>\n<meta property=\"og:site_name\" content=\"Chullos Travel Peru Blog\" \/>\n<meta property=\"article:published_time\" content=\"2023-07-07T23:03:51+00:00\" \/>\n<meta property=\"og:image\" content=\"http:\/\/localhost\/chullostravelperublog\/wp-content\/uploads\/2023\/07\/Puente-de-Paucartambo.jpg\" \/>\n<meta name=\"author\" content=\"Mr Suicide Sheep\" \/>\n<meta name=\"twitter:card\" content=\"summary_large_image\" \/>\n<meta name=\"twitter:label1\" content=\"Written by\" \/>\n\t<meta name=\"twitter:data1\" content=\"Mr Suicide Sheep\" \/>\n\t<meta name=\"twitter:label2\" content=\"Est. reading time\" \/>\n\t<meta name=\"twitter:data2\" content=\"8 minutos\" \/>\n<script type=\"application\/ld+json\" class=\"yoast-schema-graph\">{\"@context\":\"https:\\\/\\\/schema.org\",\"@graph\":[{\"@type\":\"Article\",\"@id\":\"https:\\\/\\\/www.chullostravelperu.com\\\/blog\\\/la-fiesta-de-pucartambo#article\",\"isPartOf\":{\"@id\":\"https:\\\/\\\/www.chullostravelperu.com\\\/blog\\\/la-fiesta-de-pucartambo\"},\"author\":{\"name\":\"Mr Suicide Sheep\",\"@id\":\"https:\\\/\\\/www.chullostravelperu.com\\\/blog\\\/#\\\/schema\\\/person\\\/32ea98473caea578cb0113769fa9c6a8\"},\"headline\":\"La Fiesta De Paucartambo\",\"datePublished\":\"2023-07-07T23:03:51+00:00\",\"mainEntityOfPage\":{\"@id\":\"https:\\\/\\\/www.chullostravelperu.com\\\/blog\\\/la-fiesta-de-pucartambo\"},\"wordCount\":1576,\"commentCount\":0,\"image\":{\"@id\":\"https:\\\/\\\/www.chullostravelperu.com\\\/blog\\\/la-fiesta-de-pucartambo#primaryimage\"},\"thumbnailUrl\":\"http:\\\/\\\/localhost\\\/chullostravelperublog\\\/wp-content\\\/uploads\\\/2023\\\/07\\\/Puente-de-Paucartambo.jpg\",\"articleSection\":[\"Blog\",\"Cusco\"],\"inLanguage\":\"es-PE\",\"potentialAction\":[{\"@type\":\"CommentAction\",\"name\":\"Comment\",\"target\":[\"https:\\\/\\\/www.chullostravelperu.com\\\/blog\\\/la-fiesta-de-pucartambo#respond\"]}]},{\"@type\":\"WebPage\",\"@id\":\"https:\\\/\\\/www.chullostravelperu.com\\\/blog\\\/la-fiesta-de-pucartambo\",\"url\":\"https:\\\/\\\/www.chullostravelperu.com\\\/blog\\\/la-fiesta-de-pucartambo\",\"name\":\"\u00a0La Fiesta de Paucartambo | VISITA EL MIRADOR DE 3 CRUCES |\",\"isPartOf\":{\"@id\":\"https:\\\/\\\/www.chullostravelperu.com\\\/blog\\\/#website\"},\"primaryImageOfPage\":{\"@id\":\"https:\\\/\\\/www.chullostravelperu.com\\\/blog\\\/la-fiesta-de-pucartambo#primaryimage\"},\"image\":{\"@id\":\"https:\\\/\\\/www.chullostravelperu.com\\\/blog\\\/la-fiesta-de-pucartambo#primaryimage\"},\"thumbnailUrl\":\"http:\\\/\\\/localhost\\\/chullostravelperublog\\\/wp-content\\\/uploads\\\/2023\\\/07\\\/Puente-de-Paucartambo.jpg\",\"datePublished\":\"2023-07-07T23:03:51+00:00\",\"author\":{\"@id\":\"https:\\\/\\\/www.chullostravelperu.com\\\/blog\\\/#\\\/schema\\\/person\\\/32ea98473caea578cb0113769fa9c6a8\"},\"description\":\"Esta festividad se realiza cada a\u00f1o, inicia el 15 hasta el 19 de Julio y\u00a0se\u00a0honra\u00a0a la Virgen del Carmen...La Fiesta de Paucartambo\",\"breadcrumb\":{\"@id\":\"https:\\\/\\\/www.chullostravelperu.com\\\/blog\\\/la-fiesta-de-pucartambo#breadcrumb\"},\"inLanguage\":\"es-PE\",\"potentialAction\":[{\"@type\":\"ReadAction\",\"target\":[\"https:\\\/\\\/www.chullostravelperu.com\\\/blog\\\/la-fiesta-de-pucartambo\"]}]},{\"@type\":\"ImageObject\",\"inLanguage\":\"es-PE\",\"@id\":\"https:\\\/\\\/www.chullostravelperu.com\\\/blog\\\/la-fiesta-de-pucartambo#primaryimage\",\"url\":\"http:\\\/\\\/localhost\\\/chullostravelperublog\\\/wp-content\\\/uploads\\\/2023\\\/07\\\/Puente-de-Paucartambo.jpg\",\"contentUrl\":\"http:\\\/\\\/localhost\\\/chullostravelperublog\\\/wp-content\\\/uploads\\\/2023\\\/07\\\/Puente-de-Paucartambo.jpg\"},{\"@type\":\"BreadcrumbList\",\"@id\":\"https:\\\/\\\/www.chullostravelperu.com\\\/blog\\\/la-fiesta-de-pucartambo#breadcrumb\",\"itemListElement\":[{\"@type\":\"ListItem\",\"position\":1,\"name\":\"Portada\",\"item\":\"https:\\\/\\\/www.chullostravelperu.com\\\/blog\\\/\"},{\"@type\":\"ListItem\",\"position\":2,\"name\":\"La Fiesta De Paucartambo\"}]},{\"@type\":\"WebSite\",\"@id\":\"https:\\\/\\\/www.chullostravelperu.com\\\/blog\\\/#website\",\"url\":\"https:\\\/\\\/www.chullostravelperu.com\\\/blog\\\/\",\"name\":\"Chullos Travel Peru Blog\",\"description\":\"\",\"potentialAction\":[{\"@type\":\"SearchAction\",\"target\":{\"@type\":\"EntryPoint\",\"urlTemplate\":\"https:\\\/\\\/www.chullostravelperu.com\\\/blog\\\/?s={search_term_string}\"},\"query-input\":{\"@type\":\"PropertyValueSpecification\",\"valueRequired\":true,\"valueName\":\"search_term_string\"}}],\"inLanguage\":\"es-PE\"},{\"@type\":\"Person\",\"@id\":\"https:\\\/\\\/www.chullostravelperu.com\\\/blog\\\/#\\\/schema\\\/person\\\/32ea98473caea578cb0113769fa9c6a8\",\"name\":\"Mr Suicide Sheep\",\"image\":{\"@type\":\"ImageObject\",\"inLanguage\":\"es-PE\",\"@id\":\"https:\\\/\\\/secure.gravatar.com\\\/avatar\\\/996c6a8f582dbc42ada5a593327b4a6a3d2f1ff9f13601cd548550f78f300d7b?s=96&d=mm&r=g\",\"url\":\"https:\\\/\\\/secure.gravatar.com\\\/avatar\\\/996c6a8f582dbc42ada5a593327b4a6a3d2f1ff9f13601cd548550f78f300d7b?s=96&d=mm&r=g\",\"contentUrl\":\"https:\\\/\\\/secure.gravatar.com\\\/avatar\\\/996c6a8f582dbc42ada5a593327b4a6a3d2f1ff9f13601cd548550f78f300d7b?s=96&d=mm&r=g\",\"caption\":\"Mr Suicide Sheep\"},\"sameAs\":[\"http:\\\/\\\/localhost\\\/chullosperublog\"],\"url\":\"https:\\\/\\\/www.chullostravelperu.com\\\/blog\\\/author\\\/mr-suicide-sheep\"}]}<\/script>\n<!-- \/ Yoast SEO plugin. -->","yoast_head_json":{"title":"\u00a0La Fiesta de Paucartambo | VISITA EL MIRADOR DE 3 CRUCES |","description":"Esta festividad se realiza cada a\u00f1o, inicia el 15 hasta el 19 de Julio y\u00a0se\u00a0honra\u00a0a la Virgen del Carmen...La Fiesta de Paucartambo","robots":{"index":"index","follow":"follow","max-snippet":"max-snippet:-1","max-image-preview":"max-image-preview:large","max-video-preview":"max-video-preview:-1"},"canonical":"https:\/\/www.chullostravelperu.com\/blog\/la-fiesta-de-pucartambo","og_locale":"es_ES","og_type":"article","og_title":"\u00a0La Fiesta de Paucartambo | VISITA EL MIRADOR DE 3 CRUCES |","og_description":"Esta festividad se realiza cada a\u00f1o, inicia el 15 hasta el 19 de Julio y\u00a0se\u00a0honra\u00a0a la Virgen del Carmen...La Fiesta de Paucartambo","og_url":"https:\/\/www.chullostravelperu.com\/blog\/la-fiesta-de-pucartambo","og_site_name":"Chullos Travel Peru Blog","article_published_time":"2023-07-07T23:03:51+00:00","og_image":[{"url":"http:\/\/localhost\/chullostravelperublog\/wp-content\/uploads\/2023\/07\/Puente-de-Paucartambo.jpg","type":"","width":"","height":""}],"author":"Mr Suicide Sheep","twitter_card":"summary_large_image","twitter_misc":{"Written by":"Mr Suicide Sheep","Est. reading time":"8 minutos"},"schema":{"@context":"https:\/\/schema.org","@graph":[{"@type":"Article","@id":"https:\/\/www.chullostravelperu.com\/blog\/la-fiesta-de-pucartambo#article","isPartOf":{"@id":"https:\/\/www.chullostravelperu.com\/blog\/la-fiesta-de-pucartambo"},"author":{"name":"Mr Suicide Sheep","@id":"https:\/\/www.chullostravelperu.com\/blog\/#\/schema\/person\/32ea98473caea578cb0113769fa9c6a8"},"headline":"La Fiesta De Paucartambo","datePublished":"2023-07-07T23:03:51+00:00","mainEntityOfPage":{"@id":"https:\/\/www.chullostravelperu.com\/blog\/la-fiesta-de-pucartambo"},"wordCount":1576,"commentCount":0,"image":{"@id":"https:\/\/www.chullostravelperu.com\/blog\/la-fiesta-de-pucartambo#primaryimage"},"thumbnailUrl":"http:\/\/localhost\/chullostravelperublog\/wp-content\/uploads\/2023\/07\/Puente-de-Paucartambo.jpg","articleSection":["Blog","Cusco"],"inLanguage":"es-PE","potentialAction":[{"@type":"CommentAction","name":"Comment","target":["https:\/\/www.chullostravelperu.com\/blog\/la-fiesta-de-pucartambo#respond"]}]},{"@type":"WebPage","@id":"https:\/\/www.chullostravelperu.com\/blog\/la-fiesta-de-pucartambo","url":"https:\/\/www.chullostravelperu.com\/blog\/la-fiesta-de-pucartambo","name":"\u00a0La Fiesta de Paucartambo | VISITA EL MIRADOR DE 3 CRUCES |","isPartOf":{"@id":"https:\/\/www.chullostravelperu.com\/blog\/#website"},"primaryImageOfPage":{"@id":"https:\/\/www.chullostravelperu.com\/blog\/la-fiesta-de-pucartambo#primaryimage"},"image":{"@id":"https:\/\/www.chullostravelperu.com\/blog\/la-fiesta-de-pucartambo#primaryimage"},"thumbnailUrl":"http:\/\/localhost\/chullostravelperublog\/wp-content\/uploads\/2023\/07\/Puente-de-Paucartambo.jpg","datePublished":"2023-07-07T23:03:51+00:00","author":{"@id":"https:\/\/www.chullostravelperu.com\/blog\/#\/schema\/person\/32ea98473caea578cb0113769fa9c6a8"},"description":"Esta festividad se realiza cada a\u00f1o, inicia el 15 hasta el 19 de Julio y\u00a0se\u00a0honra\u00a0a la Virgen del Carmen...La Fiesta de Paucartambo","breadcrumb":{"@id":"https:\/\/www.chullostravelperu.com\/blog\/la-fiesta-de-pucartambo#breadcrumb"},"inLanguage":"es-PE","potentialAction":[{"@type":"ReadAction","target":["https:\/\/www.chullostravelperu.com\/blog\/la-fiesta-de-pucartambo"]}]},{"@type":"ImageObject","inLanguage":"es-PE","@id":"https:\/\/www.chullostravelperu.com\/blog\/la-fiesta-de-pucartambo#primaryimage","url":"http:\/\/localhost\/chullostravelperublog\/wp-content\/uploads\/2023\/07\/Puente-de-Paucartambo.jpg","contentUrl":"http:\/\/localhost\/chullostravelperublog\/wp-content\/uploads\/2023\/07\/Puente-de-Paucartambo.jpg"},{"@type":"BreadcrumbList","@id":"https:\/\/www.chullostravelperu.com\/blog\/la-fiesta-de-pucartambo#breadcrumb","itemListElement":[{"@type":"ListItem","position":1,"name":"Portada","item":"https:\/\/www.chullostravelperu.com\/blog\/"},{"@type":"ListItem","position":2,"name":"La Fiesta De Paucartambo"}]},{"@type":"WebSite","@id":"https:\/\/www.chullostravelperu.com\/blog\/#website","url":"https:\/\/www.chullostravelperu.com\/blog\/","name":"Chullos Travel Peru Blog","description":"","potentialAction":[{"@type":"SearchAction","target":{"@type":"EntryPoint","urlTemplate":"https:\/\/www.chullostravelperu.com\/blog\/?s={search_term_string}"},"query-input":{"@type":"PropertyValueSpecification","valueRequired":true,"valueName":"search_term_string"}}],"inLanguage":"es-PE"},{"@type":"Person","@id":"https:\/\/www.chullostravelperu.com\/blog\/#\/schema\/person\/32ea98473caea578cb0113769fa9c6a8","name":"Mr Suicide Sheep","image":{"@type":"ImageObject","inLanguage":"es-PE","@id":"https:\/\/secure.gravatar.com\/avatar\/996c6a8f582dbc42ada5a593327b4a6a3d2f1ff9f13601cd548550f78f300d7b?s=96&d=mm&r=g","url":"https:\/\/secure.gravatar.com\/avatar\/996c6a8f582dbc42ada5a593327b4a6a3d2f1ff9f13601cd548550f78f300d7b?s=96&d=mm&r=g","contentUrl":"https:\/\/secure.gravatar.com\/avatar\/996c6a8f582dbc42ada5a593327b4a6a3d2f1ff9f13601cd548550f78f300d7b?s=96&d=mm&r=g","caption":"Mr Suicide Sheep"},"sameAs":["http:\/\/localhost\/chullosperublog"],"url":"https:\/\/www.chullostravelperu.com\/blog\/author\/mr-suicide-sheep"}]}},"_links":{"self":[{"href":"https:\/\/www.chullostravelperu.com\/blog\/wp-json\/wp\/v2\/posts\/12943","targetHints":{"allow":["GET"]}}],"collection":[{"href":"https:\/\/www.chullostravelperu.com\/blog\/wp-json\/wp\/v2\/posts"}],"about":[{"href":"https:\/\/www.chullostravelperu.com\/blog\/wp-json\/wp\/v2\/types\/post"}],"author":[{"embeddable":true,"href":"https:\/\/www.chullostravelperu.com\/blog\/wp-json\/wp\/v2\/users\/1"}],"replies":[{"embeddable":true,"href":"https:\/\/www.chullostravelperu.com\/blog\/wp-json\/wp\/v2\/comments?post=12943"}],"version-history":[{"count":0,"href":"https:\/\/www.chullostravelperu.com\/blog\/wp-json\/wp\/v2\/posts\/12943\/revisions"}],"wp:attachment":[{"href":"https:\/\/www.chullostravelperu.com\/blog\/wp-json\/wp\/v2\/media?parent=12943"}],"wp:term":[{"taxonomy":"category","embeddable":true,"href":"https:\/\/www.chullostravelperu.com\/blog\/wp-json\/wp\/v2\/categories?post=12943"},{"taxonomy":"post_tag","embeddable":true,"href":"https:\/\/www.chullostravelperu.com\/blog\/wp-json\/wp\/v2\/tags?post=12943"}],"curies":[{"name":"wp","href":"https:\/\/api.w.org\/{rel}","templated":true}]}}