{"id":33006,"date":"2025-11-28T11:42:53","date_gmt":"2025-11-28T16:42:53","guid":{"rendered":"https:\/\/www.chullostravelperu.com\/blog\/?p=33006"},"modified":"2025-11-28T11:42:53","modified_gmt":"2025-11-28T16:42:53","slug":"mansion-del-fundador-arequipa-historia-arquitectura-y-visita","status":"publish","type":"post","link":"https:\/\/www.chullostravelperu.com\/blog\/mansion-del-fundador-arequipa-historia-arquitectura-y-visita","title":{"rendered":"Mansi\u00f3n del Fundador Arequipa: historia, arquitectura y visita"},"content":{"rendered":"<p><img loading=\"lazy\" decoding=\"async\" class=\"size-full wp-image-33010 aligncenter\" src=\"https:\/\/www.chullostravelperu.com\/blog\/wp-content\/uploads\/2025\/11\/1210821940-4ca75fc67533237da720d1df3d2ffd94c54ce04ee1cc7c580d6ee24c0ef8ba68-d-1.jpg\" alt=\"\" width=\"1000\" height=\"600\" srcset=\"https:\/\/www.chullostravelperu.com\/blog\/wp-content\/uploads\/2025\/11\/1210821940-4ca75fc67533237da720d1df3d2ffd94c54ce04ee1cc7c580d6ee24c0ef8ba68-d-1.jpg 1000w, https:\/\/www.chullostravelperu.com\/blog\/wp-content\/uploads\/2025\/11\/1210821940-4ca75fc67533237da720d1df3d2ffd94c54ce04ee1cc7c580d6ee24c0ef8ba68-d-1-768x461.jpg 768w\" sizes=\"auto, (max-width: 1000px) 100vw, 1000px\" \/><\/p>\n<hr \/>\n<p>La Mansi\u00f3n del Fundador es una joya colonial ubicada en la campi\u00f1a de Arequipa, en la zona de Huasacache. Esta casona hist\u00f3rica \u2014edificada en piedra volc\u00e1nica blanca (sillar)\u2014 remonta sus ra\u00edces a los primeros d\u00edas de la ciudad, cuando su fundador asign\u00f3 tierras a su familia en lo que ser\u00eda una residencia se\u00f1orial.<\/p>\n<p>Hoy, la mansi\u00f3n regresa al presente como casa-museo y espacio tur\u00edstico que permite adentrarse en la historia virreinal de Arequipa. Sus patios, salones, capilla y jardines conservan el clima de otra \u00e9poca; recorrerla es imaginar c\u00f3mo vivieron quienes marcaron el inicio de la ciudad.<\/p>\n<p>Este art\u00edculo te servir\u00e1 como gu\u00eda completa: conocer\u00e1s su origen, qu\u00e9 puedes ver hoy, c\u00f3mo llegar, tarifas, horarios y por qu\u00e9 vale la pena visitarla si est\u00e1s en Arequipa \u2014o planeas hacerlo.<\/p>\n<hr \/>\n<h2 style=\"text-align: center;\"><span style=\"color: #0000ff;\"><i class=\"fas fa-history \" ><\/i><\/span><\/h2>\n<h3 style=\"text-align: center;\"><span style=\"color: #0000ff;\"> Historia y significado de la Mansi\u00f3n del Fundador<\/span><\/h3>\n<p><img loading=\"lazy\" decoding=\"async\" class=\"size-full wp-image-33011 aligncenter\" src=\"https:\/\/www.chullostravelperu.com\/blog\/wp-content\/uploads\/2025\/11\/maxresdefault-16-1.jpg\" alt=\"\" width=\"1000\" height=\"600\" srcset=\"https:\/\/www.chullostravelperu.com\/blog\/wp-content\/uploads\/2025\/11\/maxresdefault-16-1.jpg 1000w, https:\/\/www.chullostravelperu.com\/blog\/wp-content\/uploads\/2025\/11\/maxresdefault-16-1-768x461.jpg 768w\" sizes=\"auto, (max-width: 1000px) 100vw, 1000px\" \/><\/p>\n<p>La Mansi\u00f3n del Fundador es uno de los espacios hist\u00f3ricos m\u00e1s emblem\u00e1ticos de Arequipa. Su origen est\u00e1 ligado directamente a los primeros a\u00f1os de la ciudad y a la figura de Garc\u00ed Manuel de Carbajal, fundador de Arequipa en 1540. La casona se levant\u00f3 en un entorno privilegiado: una campi\u00f1a f\u00e9rtil atravesada por acequias antiguas y rodeada de cultivos, un lugar ideal para establecer una residencia de descanso. Desde sus inicios, el inmueble fue concebido como un s\u00edmbolo de estatus y poder dentro de la joven ciudad.<\/p>\n<p>La estructura original fue construida en sillar, la piedra volc\u00e1nica que caracteriza a <a href=\"https:\/\/www.chullostravelperu.com\/category\/arequipa-es\/\">Arequipa<\/a>. Este material permiti\u00f3 levantar muros gruesos y frescos, capaces de resistir el clima seco de la campi\u00f1a. Con el paso del tiempo, la casa se ampli\u00f3 y su dise\u00f1o adquiri\u00f3 m\u00e1s rasgos se\u00f1oriales. La presencia de patios, arcos, zaguanes y jardines refleja la influencia de la arquitectura virreinal temprana, que buscaba comodidad y ornamentaci\u00f3n sin perder sobriedad.<\/p>\n<h4 style=\"padding-left: 40px;\"><span style=\"color: #0000ff;\"><i class=\"fas fa-landmark \" ><\/i> Etapas de transformaci\u00f3n a lo largo de los siglos<\/span><\/h4>\n<p>La mansi\u00f3n vivi\u00f3 varias etapas que marcaron su evoluci\u00f3n. Tras pertenecer a la familia del fundador, pas\u00f3 a manos de distintos propietarios, entre ellos miembros importantes de la Iglesia. La llegada de los Jesuitas fue decisiva. Ellos ampliaron la casona, a\u00f1adieron nuevos espacios y construyeron una capilla privada, creando un ambiente donde se combinaban la vida religiosa, la administraci\u00f3n agr\u00edcola y el descanso.<\/p>\n<p>Durante los siglos XVII y XVIII, la mansi\u00f3n funcion\u00f3 como hacienda campestre. Desempe\u00f1\u00f3 un papel relevante en el desarrollo de la campi\u00f1a arequipe\u00f1a, proporcionando alimentos, trabajo y resguardo. En esta \u00e9poca se consolid\u00f3 su estilo arquitect\u00f3nico: un equilibrio entre funcionalidad rural y detalles ornamentales propios de una residencia distinguida.<\/p>\n<p>En el siglo XIX y parte del XX, el abandono, los cambios de propietario y los terremotos afectaron gravemente la estructura. La mansi\u00f3n estuvo al borde de perderse. Sin embargo, su valor hist\u00f3rico gener\u00f3 inter\u00e9s entre instituciones y familias que impulsaron su recuperaci\u00f3n. La restauraci\u00f3n iniciada en la d\u00e9cada de 1970 salv\u00f3 la casona y devolvi\u00f3 su car\u00e1cter original.<\/p>\n<h4 style=\"padding-left: 40px;\"><span style=\"color: #0000ff;\"><i class=\"fas fa-book \" ><\/i> Un legado que permanece vivo<\/span><\/h4>\n<p>Hoy la Mansi\u00f3n del Fundador no es solo una casa colonial restaurada; es un testimonio tangible de la historia de Arequipa. Sus ambientes muestran c\u00f3mo viv\u00edan las \u00e9lites virreinales, c\u00f3mo se organizaban las haciendas y c\u00f3mo evolucion\u00f3 la arquitectura del sillar en la regi\u00f3n. Adem\u00e1s, es un lugar lleno de simbolismo: representa los or\u00edgenes de la ciudad, la vida agr\u00edcola del valle y la memoria colectiva de generaciones.<\/p>\n<p>Recorrerla es entrar en un espacio donde el tiempo parece avanzar m\u00e1s lentamente. Cada puerta, arco y sala guarda alguna historia. Por eso, la mansi\u00f3n se ha convertido en un punto clave para los viajeros que desean comprender la identidad de Arequipa m\u00e1s all\u00e1 del centro hist\u00f3rico. Su valor radica en ser un puente entre el pasado colonial y la tradici\u00f3n viva de la regi\u00f3n.<\/p>\n<h2 style=\"text-align: center;\"><span style=\"color: #808000;\"><i class=\"fas fa-archway \" ><\/i> <\/span><\/h2>\n<h3 style=\"text-align: center;\"><span style=\"color: #808000;\">Qu\u00e9 ver en la Mansi\u00f3n del Fundador<\/span><\/h3>\n<p><img loading=\"lazy\" decoding=\"async\" class=\"size-full wp-image-33012 aligncenter\" src=\"https:\/\/www.chullostravelperu.com\/blog\/wp-content\/uploads\/2025\/11\/maxresdefault-17-1.jpg\" alt=\"\" width=\"1000\" height=\"600\" srcset=\"https:\/\/www.chullostravelperu.com\/blog\/wp-content\/uploads\/2025\/11\/maxresdefault-17-1.jpg 1000w, https:\/\/www.chullostravelperu.com\/blog\/wp-content\/uploads\/2025\/11\/maxresdefault-17-1-768x461.jpg 768w\" sizes=\"auto, (max-width: 1000px) 100vw, 1000px\" \/><\/p>\n<p>La Mansi\u00f3n del Fundador es un recorrido por distintos ambientes que muestran la arquitectura colonial de Arequipa en todo su esplendor. Sus patios, salones y jardines conservan elementos originales en sillar y detalles que revelan c\u00f3mo era la vida en una hacienda se\u00f1orial. Cada espacio tiene un car\u00e1cter propio y ofrece una experiencia distinta, desde rincones \u00edntimos hasta panor\u00e1micas abiertas hacia la campi\u00f1a.<\/p>\n<h4 style=\"padding-left: 40px;\"><span style=\"color: #808000;\"><i class=\"fas fa-home \" ><\/i> Patio principal y arquitectura en sillar<\/span><\/h4>\n<p>Apenas ingresas al recinto, el patio principal se convierte en el eje de la visita. Este espacio est\u00e1 rodeado por arcos de sillar tallado, muros blancos y puertas de madera gruesa que evocan el estilo virreinal. La luz natural se refleja en la piedra volc\u00e1nica, creando un ambiente luminoso y silencioso que invita a recorrerlo sin prisa.<\/p>\n<h4 style=\"padding-left: 40px;\"><span style=\"color: #808000;\"><i class=\"fas fa-eye \" ><\/i> Detalles que no debes perderte<\/span><\/h4>\n<p>El patio presenta labrados en <a href=\"https:\/\/es.wikipedia.org\/wiki\/Sillar\">sillar<\/a>, muros con texturas originales y columnas con relieves finos. Estos elementos muestran el oficio de los maestros canteros que trabajaron en la casona. Es uno de los puntos m\u00e1s fotografiados por los viajeros gracias a su equilibrio entre simplicidad y elegancia.<\/p>\n<h4 style=\"padding-left: 40px;\"><span style=\"color: #808000;\"><i class=\"fas fa-place-of-worship \" ><\/i> La capilla privada<\/span><\/h4>\n<p>La capilla es uno de los ambientes m\u00e1s especiales de la mansi\u00f3n. Fue construida por los Jesuitas y destaca por su composici\u00f3n arm\u00f3nica y la quietud que envuelve el espacio. Su arquitectura refleja una est\u00e9tica sobria, con arcos de piedra, altares sencillos y un peque\u00f1o coro.<\/p>\n<h4 style=\"padding-left: 40px;\"><span style=\"color: #808000;\"><i class=\"fas fa-cross \" ><\/i> Elementos religiosos<\/span><\/h4>\n<p>En el interior encontrar\u00e1s im\u00e1genes antiguas, instrumentos lit\u00fargicos y piezas que formaban parte de la vida espiritual en la hacienda. La capilla transmit\u00eda tranquilidad y estaba destinada a los propietarios y trabajadores de la \u00e9poca.<\/p>\n<p><img loading=\"lazy\" decoding=\"async\" class=\"size-full wp-image-33013 aligncenter\" src=\"https:\/\/www.chullostravelperu.com\/blog\/wp-content\/uploads\/2025\/11\/Vista-aerea-de-la-Mansion-del-Fundador-al-atardecer-1.jpg\" alt=\"\" width=\"1000\" height=\"600\" srcset=\"https:\/\/www.chullostravelperu.com\/blog\/wp-content\/uploads\/2025\/11\/Vista-aerea-de-la-Mansion-del-Fundador-al-atardecer-1.jpg 1000w, https:\/\/www.chullostravelperu.com\/blog\/wp-content\/uploads\/2025\/11\/Vista-aerea-de-la-Mansion-del-Fundador-al-atardecer-1-768x461.jpg 768w\" sizes=\"auto, (max-width: 1000px) 100vw, 1000px\" \/><\/p>\n<h4 style=\"padding-left: 40px;\"><span style=\"color: #808000;\"><i class=\"fas fa-chair \" ><\/i> Salones y mobiliario antiguo<\/span><\/h4>\n<p>Los salones principales conservan mobiliario que representa distintos periodos de la residencia. Hay mesas, sillas, cofres y muebles restaurados que evocan c\u00f3mo se desarrollaban las actividades sociales dentro de la casa.<\/p>\n<h4 style=\"padding-left: 40px;\"><span style=\"color: #808000;\"><i class=\"fas fa-door-closed \" ><\/i> Ambientes representativos<\/span><\/h4>\n<p>Algunos salones recrean espacios de descanso, otros muestran \u00e1reas que funcionaban como despachos o almacenes. Cada room ofrece una mirada \u00edntima al funcionamiento de la hacienda y al modo en que se distribu\u00edan las estancias.<\/p>\n<h4 style=\"padding-left: 40px;\"><span style=\"color: #808000;\"><i class=\"fas fa-leaf \" ><\/i> Jardines y paisajes de la campi\u00f1a<\/span><\/h4>\n<p>Los jardines exteriores permiten apreciar la conexi\u00f3n entre la mansi\u00f3n y el valle de Huasacache. Estos espacios, llenos de vegetaci\u00f3n y senderos, muestran la dimensi\u00f3n agr\u00edcola que tuvo el lugar. Desde los jardines se puede observar la campi\u00f1a y los antiguos muros que delimitaban la hacienda.<\/p>\n<h4 style=\"padding-left: 40px;\"><span style=\"color: #808000;\"><i class=\"fas fa-tree \" ><\/i> Zonas para descansar y caminar<\/span><\/h4>\n<p>Los visitantes suelen recorrer los jardines para tomar fotograf\u00edas, descansar en \u00e1reas sombreadas o simplemente disfrutar del aire puro del valle. Es uno de los espacios que completa la experiencia del recorrido.<\/p>\n<h2 style=\"text-align: center;\"><span style=\"color: #008080;\"><i class=\"fas fa-route \" ><\/i> <\/span><\/h2>\n<h2 style=\"text-align: center;\"><span style=\"color: #008080;\">C\u00f3mo llegar, horarios, tarifas y recomendaciones pr\u00e1cticas<\/span><\/h2>\n<p><img loading=\"lazy\" decoding=\"async\" class=\"size-full wp-image-33015 aligncenter\" src=\"https:\/\/www.chullostravelperu.com\/blog\/wp-content\/uploads\/2025\/11\/fachada-principal-1-1.jpg\" alt=\"\" width=\"1000\" height=\"600\" srcset=\"https:\/\/www.chullostravelperu.com\/blog\/wp-content\/uploads\/2025\/11\/fachada-principal-1-1.jpg 1000w, https:\/\/www.chullostravelperu.com\/blog\/wp-content\/uploads\/2025\/11\/fachada-principal-1-1-768x461.jpg 768w\" sizes=\"auto, (max-width: 1000px) 100vw, 1000px\" \/><\/p>\n<p>Visitar la Mansi\u00f3n del Fundador es sencillo, ya que se encuentra a poca distancia del centro de Arequipa y est\u00e1 bien conectada por rutas terrestres. Adem\u00e1s, sus horarios accesibles y un costo de ingreso razonable permiten que cualquier viajero pueda incluirla en su itinerario. Aqu\u00ed tienes una gu\u00eda pr\u00e1ctica para planificar tu visita de forma c\u00f3moda y segura.<\/p>\n<h3 style=\"padding-left: 40px;\"><span style=\"color: #008080;\"><i class=\"fas fa-bus \" ><\/i> C\u00f3mo llegar desde Arequipa<\/span><\/h3>\n<p>La mansi\u00f3n est\u00e1 ubicada en la zona de Huasacache, a unos 20\u201325 minutos desde el centro hist\u00f3rico. Llegar no requiere mucha planificaci\u00f3n, y existen varias alternativas.<\/p>\n<ul>\n<li style=\"list-style-type: none;\">\n<ul>\n<li>\n<h4><span style=\"color: #008080;\"><i class=\"fas fa-car \" ><\/i> En taxi o aplicativos<\/span><\/h4>\n<\/li>\n<\/ul>\n<\/li>\n<\/ul>\n<p>Es la opci\u00f3n m\u00e1s c\u00f3moda y directa. Los taxis y aplicativos como Uber, DiDi o InDriver suelen tomar la ruta que pasa por la Variante de Uchumayo o por Paucarpata, dependiendo del tr\u00e1fico.<br \/>\nEl recorrido dura entre 20 y 25 minutos. Esta es la opci\u00f3n recomendada para quienes desean llegar sin complicaciones.<\/p>\n<ul>\n<li style=\"list-style-type: none;\">\n<ul>\n<li>\n<h4><span style=\"color: #008080;\"><i class=\"fas fa-bus-alt \" ><\/i> En transporte p\u00fablico<\/span><\/h4>\n<\/li>\n<\/ul>\n<\/li>\n<\/ul>\n<p>Algunas l\u00edneas de buses y combis circulan por la zona de Saband\u00eda y Characato, con paraderos relativamente cercanos a la mansi\u00f3n.<br \/>\nEl trayecto es m\u00e1s lento, pero es una alternativa econ\u00f3mica. Puede tomar 30 a 40 minutos, dependiendo del tr\u00e1nsito.<\/p>\n<h3 style=\"padding-left: 40px;\"><span style=\"color: #008080;\"><i class=\"fas fa-clock \" ><\/i> Horarios de visita<\/span><\/h3>\n<p>Los horarios pueden variar ligeramente seg\u00fan temporada o festividades locales, pero generalmente la Mansi\u00f3n del Fundador abre:<\/p>\n<ul>\n<li style=\"list-style-type: none;\">\n<ul>\n<li>\n<h4><span style=\"color: #008080;\"><i class=\"fas fa-calendar \" ><\/i> Horario t\u00edpico<\/span><\/h4>\n<\/li>\n<\/ul>\n<\/li>\n<\/ul>\n<p>Lunes a domingo: 9:00 a.m. \u2013 5:00 p.m.<\/p>\n<p><img loading=\"lazy\" decoding=\"async\" class=\"size-full wp-image-33016 aligncenter\" src=\"https:\/\/www.chullostravelperu.com\/blog\/wp-content\/uploads\/2025\/11\/Patio-interior-de-la-Mansion-del-Fundador-1.jpg\" alt=\"\" width=\"1000\" height=\"600\" srcset=\"https:\/\/www.chullostravelperu.com\/blog\/wp-content\/uploads\/2025\/11\/Patio-interior-de-la-Mansion-del-Fundador-1.jpg 1000w, https:\/\/www.chullostravelperu.com\/blog\/wp-content\/uploads\/2025\/11\/Patio-interior-de-la-Mansion-del-Fundador-1-768x461.jpg 768w\" sizes=\"auto, (max-width: 1000px) 100vw, 1000px\" \/><\/p>\n<ul>\n<li style=\"list-style-type: none;\">\n<ul>\n<li>\n<h4><span style=\"color: #008080;\">\u00daltimo ingreso recomendado: antes de las 4:30 p.m.<\/span><\/h4>\n<\/li>\n<\/ul>\n<\/li>\n<\/ul>\n<p>Visitarla por la ma\u00f1ana ofrece mejor iluminaci\u00f3n para fotos y menos afluencia de visitantes.<\/p>\n<h3 style=\"padding-left: 40px;\"><span style=\"color: #008080;\"><i class=\"fas fa-ticket \" ><\/i> Tarifas de ingreso<\/span><\/h3>\n<p>Los precios suelen mantenerse accesibles para visitantes locales y extranjeros. Aunque pueden variar por mantenimiento o d\u00edas festivos, los montos aproximados son:<\/p>\n<ul>\n<li style=\"list-style-type: none;\">\n<ul>\n<li>\n<h4><span style=\"color: #008080;\"><i class=\"fas fa-wallet \" ><\/i> Tarifas referenciales<\/span><\/h4>\n<\/li>\n<\/ul>\n<\/li>\n<li>Adultos: S\/ 10.00<\/li>\n<li>Estudiantes y universitarios: S\/ 5.00<\/li>\n<li>Ni\u00f1os: S\/ 5.00<\/li>\n<\/ul>\n<p>Estos montos permiten recorrer toda la mansi\u00f3n, sus jardines y sus ambientes interiores.<\/p>\n<h3 style=\"padding-left: 40px;\"><span style=\"color: #008080;\"><i class=\"fas fa-info-circle \" ><\/i> Consejos pr\u00e1cticos para tu visita<\/span><\/h3>\n<p>Antes de llegar, es \u00fatil tomar en cuenta algunas recomendaciones para aprovechar mejor el recorrido.<\/p>\n<ul>\n<li style=\"list-style-type: none;\">\n<ul>\n<li>\n<h4><span style=\"color: #008080;\"><i class=\"fas fa-sun \" ><\/i> Mejor hora para visitarla<\/span><\/h4>\n<\/li>\n<\/ul>\n<\/li>\n<\/ul>\n<p>La ma\u00f1ana es ideal gracias a la iluminaci\u00f3n suave y la tranquilidad del entorno. La tarde tambi\u00e9n ofrece luz c\u00e1lida perfecta para fotograf\u00edas.<\/p>\n<ul>\n<li style=\"list-style-type: none;\">\n<ul>\n<li>\n<h4><span style=\"color: #008080;\"><i class=\"fas fa-shoe-prints \" ><\/i> Qu\u00e9 llevar<\/span><\/h4>\n<\/li>\n<\/ul>\n<\/li>\n<li>Calzado c\u00f3modo<\/li>\n<li>Agua<\/li>\n<li>C\u00e1mara o celular cargado<\/li>\n<li>Bloqueador solar\n<ul>\n<li>\n<h4><span style=\"color: #008080;\"><i class=\"fas fa-shield-alt \" ><\/i> Seguridad<\/span><\/h4>\n<\/li>\n<\/ul>\n<\/li>\n<\/ul>\n<p>El \u00e1rea es tranquila, pero es recomendable mantener tus pertenencias a la vista. La ruta hasta Huasacache es segura durante el d\u00eda.<\/p>\n<p><img loading=\"lazy\" decoding=\"async\" class=\"size-full wp-image-33017 aligncenter\" src=\"https:\/\/www.chullostravelperu.com\/blog\/wp-content\/uploads\/2025\/11\/caption-12-1.jpg\" alt=\"\" width=\"1000\" height=\"600\" srcset=\"https:\/\/www.chullostravelperu.com\/blog\/wp-content\/uploads\/2025\/11\/caption-12-1.jpg 1000w, https:\/\/www.chullostravelperu.com\/blog\/wp-content\/uploads\/2025\/11\/caption-12-1-768x461.jpg 768w\" sizes=\"auto, (max-width: 1000px) 100vw, 1000px\" \/><\/p>\n","protected":false},"excerpt":{"rendered":"<p>La Mansi\u00f3n del Fundador es una joya colonial ubicada en la campi\u00f1a de Arequipa, en la zona de Huasacache. Esta casona hist\u00f3rica \u2014edificada en piedra volc\u00e1nica blanca (sillar)\u2014 remonta sus ra\u00edces a los primeros d\u00edas de la ciudad, cuando su fundador asign\u00f3 tierras a su familia en lo que ser\u00eda una residencia se\u00f1orial. Hoy, la [&hellip;]<\/p>\n","protected":false},"author":2,"featured_media":33010,"comment_status":"open","ping_status":"open","sticky":false,"template":"","format":"standard","meta":{"footnotes":""},"categories":[9,11],"tags":[],"class_list":["post-33006","post","type-post","status-publish","format-standard","has-post-thumbnail","hentry","category-arequipa","category-blog"],"acf":[],"yoast_head":"<!-- This site is optimized with the Yoast SEO plugin v27.4 - https:\/\/yoast.com\/product\/yoast-seo-wordpress\/ -->\n<title>Mansi\u00f3n del Fundador Arequipa: historia, arquitectura y visita<\/title>\n<meta name=\"description\" content=\"Descubre la Mansi\u00f3n del Fundador en Arequipa: historia colonial, arquitectura en sillar, capilla, jardines y c\u00f3mo visitarla.\" \/>\n<meta name=\"robots\" content=\"index, follow, max-snippet:-1, max-image-preview:large, max-video-preview:-1\" \/>\n<link rel=\"canonical\" href=\"https:\/\/www.chullostravelperu.com\/blog\/mansion-del-fundador-arequipa-historia-arquitectura-y-visita\" \/>\n<meta property=\"og:locale\" content=\"es_ES\" \/>\n<meta property=\"og:type\" content=\"article\" \/>\n<meta property=\"og:title\" content=\"Mansi\u00f3n del Fundador Arequipa: historia, arquitectura y visita\" \/>\n<meta property=\"og:description\" content=\"Descubre la Mansi\u00f3n del Fundador en Arequipa: historia colonial, arquitectura en sillar, capilla, jardines y c\u00f3mo visitarla.\" \/>\n<meta property=\"og:url\" content=\"https:\/\/www.chullostravelperu.com\/blog\/mansion-del-fundador-arequipa-historia-arquitectura-y-visita\" \/>\n<meta property=\"og:site_name\" content=\"Chullos Travel Peru Blog\" \/>\n<meta property=\"article:published_time\" content=\"2025-11-28T16:42:53+00:00\" \/>\n<meta property=\"og:image\" content=\"https:\/\/www.chullostravelperu.com\/blog\/wp-content\/uploads\/2025\/11\/1210821940-4ca75fc67533237da720d1df3d2ffd94c54ce04ee1cc7c580d6ee24c0ef8ba68-d-1.jpg\" \/>\n\t<meta property=\"og:image:width\" content=\"1000\" \/>\n\t<meta property=\"og:image:height\" content=\"600\" \/>\n\t<meta property=\"og:image:type\" content=\"image\/jpeg\" \/>\n<meta name=\"author\" content=\"adminchullos\" \/>\n<meta name=\"twitter:card\" content=\"summary_large_image\" \/>\n<meta name=\"twitter:label1\" content=\"Written by\" \/>\n\t<meta name=\"twitter:data1\" content=\"adminchullos\" \/>\n\t<meta name=\"twitter:label2\" content=\"Est. reading time\" \/>\n\t<meta name=\"twitter:data2\" content=\"9 minutos\" \/>\n<script type=\"application\/ld+json\" class=\"yoast-schema-graph\">{\"@context\":\"https:\\\/\\\/schema.org\",\"@graph\":[{\"@type\":\"Article\",\"@id\":\"https:\\\/\\\/www.chullostravelperu.com\\\/blog\\\/mansion-del-fundador-arequipa-historia-arquitectura-y-visita#article\",\"isPartOf\":{\"@id\":\"https:\\\/\\\/www.chullostravelperu.com\\\/blog\\\/mansion-del-fundador-arequipa-historia-arquitectura-y-visita\"},\"author\":{\"name\":\"adminchullos\",\"@id\":\"https:\\\/\\\/www.chullostravelperu.com\\\/blog\\\/#\\\/schema\\\/person\\\/724a973e1e9323a788e88c16ae7bc768\"},\"headline\":\"Mansi\u00f3n del Fundador Arequipa: historia, arquitectura y visita\",\"datePublished\":\"2025-11-28T16:42:53+00:00\",\"mainEntityOfPage\":{\"@id\":\"https:\\\/\\\/www.chullostravelperu.com\\\/blog\\\/mansion-del-fundador-arequipa-historia-arquitectura-y-visita\"},\"wordCount\":1673,\"commentCount\":0,\"image\":{\"@id\":\"https:\\\/\\\/www.chullostravelperu.com\\\/blog\\\/mansion-del-fundador-arequipa-historia-arquitectura-y-visita#primaryimage\"},\"thumbnailUrl\":\"https:\\\/\\\/www.chullostravelperu.com\\\/blog\\\/wp-content\\\/uploads\\\/2025\\\/11\\\/1210821940-4ca75fc67533237da720d1df3d2ffd94c54ce04ee1cc7c580d6ee24c0ef8ba68-d-1.jpg\",\"articleSection\":[\"Arequipa Blog\",\"Blog\"],\"inLanguage\":\"es-PE\",\"potentialAction\":[{\"@type\":\"CommentAction\",\"name\":\"Comment\",\"target\":[\"https:\\\/\\\/www.chullostravelperu.com\\\/blog\\\/mansion-del-fundador-arequipa-historia-arquitectura-y-visita#respond\"]}]},{\"@type\":\"WebPage\",\"@id\":\"https:\\\/\\\/www.chullostravelperu.com\\\/blog\\\/mansion-del-fundador-arequipa-historia-arquitectura-y-visita\",\"url\":\"https:\\\/\\\/www.chullostravelperu.com\\\/blog\\\/mansion-del-fundador-arequipa-historia-arquitectura-y-visita\",\"name\":\"Mansi\u00f3n del Fundador Arequipa: historia, arquitectura y visita\",\"isPartOf\":{\"@id\":\"https:\\\/\\\/www.chullostravelperu.com\\\/blog\\\/#website\"},\"primaryImageOfPage\":{\"@id\":\"https:\\\/\\\/www.chullostravelperu.com\\\/blog\\\/mansion-del-fundador-arequipa-historia-arquitectura-y-visita#primaryimage\"},\"image\":{\"@id\":\"https:\\\/\\\/www.chullostravelperu.com\\\/blog\\\/mansion-del-fundador-arequipa-historia-arquitectura-y-visita#primaryimage\"},\"thumbnailUrl\":\"https:\\\/\\\/www.chullostravelperu.com\\\/blog\\\/wp-content\\\/uploads\\\/2025\\\/11\\\/1210821940-4ca75fc67533237da720d1df3d2ffd94c54ce04ee1cc7c580d6ee24c0ef8ba68-d-1.jpg\",\"datePublished\":\"2025-11-28T16:42:53+00:00\",\"author\":{\"@id\":\"https:\\\/\\\/www.chullostravelperu.com\\\/blog\\\/#\\\/schema\\\/person\\\/724a973e1e9323a788e88c16ae7bc768\"},\"description\":\"Descubre la Mansi\u00f3n del Fundador en Arequipa: historia colonial, arquitectura en sillar, capilla, jardines y c\u00f3mo visitarla.\",\"breadcrumb\":{\"@id\":\"https:\\\/\\\/www.chullostravelperu.com\\\/blog\\\/mansion-del-fundador-arequipa-historia-arquitectura-y-visita#breadcrumb\"},\"inLanguage\":\"es-PE\",\"potentialAction\":[{\"@type\":\"ReadAction\",\"target\":[\"https:\\\/\\\/www.chullostravelperu.com\\\/blog\\\/mansion-del-fundador-arequipa-historia-arquitectura-y-visita\"]}]},{\"@type\":\"ImageObject\",\"inLanguage\":\"es-PE\",\"@id\":\"https:\\\/\\\/www.chullostravelperu.com\\\/blog\\\/mansion-del-fundador-arequipa-historia-arquitectura-y-visita#primaryimage\",\"url\":\"https:\\\/\\\/www.chullostravelperu.com\\\/blog\\\/wp-content\\\/uploads\\\/2025\\\/11\\\/1210821940-4ca75fc67533237da720d1df3d2ffd94c54ce04ee1cc7c580d6ee24c0ef8ba68-d-1.jpg\",\"contentUrl\":\"https:\\\/\\\/www.chullostravelperu.com\\\/blog\\\/wp-content\\\/uploads\\\/2025\\\/11\\\/1210821940-4ca75fc67533237da720d1df3d2ffd94c54ce04ee1cc7c580d6ee24c0ef8ba68-d-1.jpg\",\"width\":1000,\"height\":600},{\"@type\":\"BreadcrumbList\",\"@id\":\"https:\\\/\\\/www.chullostravelperu.com\\\/blog\\\/mansion-del-fundador-arequipa-historia-arquitectura-y-visita#breadcrumb\",\"itemListElement\":[{\"@type\":\"ListItem\",\"position\":1,\"name\":\"Portada\",\"item\":\"https:\\\/\\\/www.chullostravelperu.com\\\/blog\\\/\"},{\"@type\":\"ListItem\",\"position\":2,\"name\":\"Mansi\u00f3n del Fundador Arequipa: historia, arquitectura y visita\"}]},{\"@type\":\"WebSite\",\"@id\":\"https:\\\/\\\/www.chullostravelperu.com\\\/blog\\\/#website\",\"url\":\"https:\\\/\\\/www.chullostravelperu.com\\\/blog\\\/\",\"name\":\"Chullos Travel Peru Blog\",\"description\":\"\",\"potentialAction\":[{\"@type\":\"SearchAction\",\"target\":{\"@type\":\"EntryPoint\",\"urlTemplate\":\"https:\\\/\\\/www.chullostravelperu.com\\\/blog\\\/?s={search_term_string}\"},\"query-input\":{\"@type\":\"PropertyValueSpecification\",\"valueRequired\":true,\"valueName\":\"search_term_string\"}}],\"inLanguage\":\"es-PE\"},{\"@type\":\"Person\",\"@id\":\"https:\\\/\\\/www.chullostravelperu.com\\\/blog\\\/#\\\/schema\\\/person\\\/724a973e1e9323a788e88c16ae7bc768\",\"name\":\"adminchullos\",\"image\":{\"@type\":\"ImageObject\",\"inLanguage\":\"es-PE\",\"@id\":\"https:\\\/\\\/secure.gravatar.com\\\/avatar\\\/7266cd2e190f3d415c661586fdd40530e1a055ef9105c40a6c28315c2ba66c8d?s=96&d=mm&r=g\",\"url\":\"https:\\\/\\\/secure.gravatar.com\\\/avatar\\\/7266cd2e190f3d415c661586fdd40530e1a055ef9105c40a6c28315c2ba66c8d?s=96&d=mm&r=g\",\"contentUrl\":\"https:\\\/\\\/secure.gravatar.com\\\/avatar\\\/7266cd2e190f3d415c661586fdd40530e1a055ef9105c40a6c28315c2ba66c8d?s=96&d=mm&r=g\",\"caption\":\"adminchullos\"},\"url\":\"https:\\\/\\\/www.chullostravelperu.com\\\/blog\\\/author\\\/adminchullos\"}]}<\/script>\n<!-- \/ Yoast SEO plugin. -->","yoast_head_json":{"title":"Mansi\u00f3n del Fundador Arequipa: historia, arquitectura y visita","description":"Descubre la Mansi\u00f3n del Fundador en Arequipa: historia colonial, arquitectura en sillar, capilla, jardines y c\u00f3mo visitarla.","robots":{"index":"index","follow":"follow","max-snippet":"max-snippet:-1","max-image-preview":"max-image-preview:large","max-video-preview":"max-video-preview:-1"},"canonical":"https:\/\/www.chullostravelperu.com\/blog\/mansion-del-fundador-arequipa-historia-arquitectura-y-visita","og_locale":"es_ES","og_type":"article","og_title":"Mansi\u00f3n del Fundador Arequipa: historia, arquitectura y visita","og_description":"Descubre la Mansi\u00f3n del Fundador en Arequipa: historia colonial, arquitectura en sillar, capilla, jardines y c\u00f3mo visitarla.","og_url":"https:\/\/www.chullostravelperu.com\/blog\/mansion-del-fundador-arequipa-historia-arquitectura-y-visita","og_site_name":"Chullos Travel Peru Blog","article_published_time":"2025-11-28T16:42:53+00:00","og_image":[{"width":1000,"height":600,"url":"https:\/\/www.chullostravelperu.com\/blog\/wp-content\/uploads\/2025\/11\/1210821940-4ca75fc67533237da720d1df3d2ffd94c54ce04ee1cc7c580d6ee24c0ef8ba68-d-1.jpg","type":"image\/jpeg"}],"author":"adminchullos","twitter_card":"summary_large_image","twitter_misc":{"Written by":"adminchullos","Est. reading time":"9 minutos"},"schema":{"@context":"https:\/\/schema.org","@graph":[{"@type":"Article","@id":"https:\/\/www.chullostravelperu.com\/blog\/mansion-del-fundador-arequipa-historia-arquitectura-y-visita#article","isPartOf":{"@id":"https:\/\/www.chullostravelperu.com\/blog\/mansion-del-fundador-arequipa-historia-arquitectura-y-visita"},"author":{"name":"adminchullos","@id":"https:\/\/www.chullostravelperu.com\/blog\/#\/schema\/person\/724a973e1e9323a788e88c16ae7bc768"},"headline":"Mansi\u00f3n del Fundador Arequipa: historia, arquitectura y visita","datePublished":"2025-11-28T16:42:53+00:00","mainEntityOfPage":{"@id":"https:\/\/www.chullostravelperu.com\/blog\/mansion-del-fundador-arequipa-historia-arquitectura-y-visita"},"wordCount":1673,"commentCount":0,"image":{"@id":"https:\/\/www.chullostravelperu.com\/blog\/mansion-del-fundador-arequipa-historia-arquitectura-y-visita#primaryimage"},"thumbnailUrl":"https:\/\/www.chullostravelperu.com\/blog\/wp-content\/uploads\/2025\/11\/1210821940-4ca75fc67533237da720d1df3d2ffd94c54ce04ee1cc7c580d6ee24c0ef8ba68-d-1.jpg","articleSection":["Arequipa Blog","Blog"],"inLanguage":"es-PE","potentialAction":[{"@type":"CommentAction","name":"Comment","target":["https:\/\/www.chullostravelperu.com\/blog\/mansion-del-fundador-arequipa-historia-arquitectura-y-visita#respond"]}]},{"@type":"WebPage","@id":"https:\/\/www.chullostravelperu.com\/blog\/mansion-del-fundador-arequipa-historia-arquitectura-y-visita","url":"https:\/\/www.chullostravelperu.com\/blog\/mansion-del-fundador-arequipa-historia-arquitectura-y-visita","name":"Mansi\u00f3n del Fundador Arequipa: historia, arquitectura y visita","isPartOf":{"@id":"https:\/\/www.chullostravelperu.com\/blog\/#website"},"primaryImageOfPage":{"@id":"https:\/\/www.chullostravelperu.com\/blog\/mansion-del-fundador-arequipa-historia-arquitectura-y-visita#primaryimage"},"image":{"@id":"https:\/\/www.chullostravelperu.com\/blog\/mansion-del-fundador-arequipa-historia-arquitectura-y-visita#primaryimage"},"thumbnailUrl":"https:\/\/www.chullostravelperu.com\/blog\/wp-content\/uploads\/2025\/11\/1210821940-4ca75fc67533237da720d1df3d2ffd94c54ce04ee1cc7c580d6ee24c0ef8ba68-d-1.jpg","datePublished":"2025-11-28T16:42:53+00:00","author":{"@id":"https:\/\/www.chullostravelperu.com\/blog\/#\/schema\/person\/724a973e1e9323a788e88c16ae7bc768"},"description":"Descubre la Mansi\u00f3n del Fundador en Arequipa: historia colonial, arquitectura en sillar, capilla, jardines y c\u00f3mo visitarla.","breadcrumb":{"@id":"https:\/\/www.chullostravelperu.com\/blog\/mansion-del-fundador-arequipa-historia-arquitectura-y-visita#breadcrumb"},"inLanguage":"es-PE","potentialAction":[{"@type":"ReadAction","target":["https:\/\/www.chullostravelperu.com\/blog\/mansion-del-fundador-arequipa-historia-arquitectura-y-visita"]}]},{"@type":"ImageObject","inLanguage":"es-PE","@id":"https:\/\/www.chullostravelperu.com\/blog\/mansion-del-fundador-arequipa-historia-arquitectura-y-visita#primaryimage","url":"https:\/\/www.chullostravelperu.com\/blog\/wp-content\/uploads\/2025\/11\/1210821940-4ca75fc67533237da720d1df3d2ffd94c54ce04ee1cc7c580d6ee24c0ef8ba68-d-1.jpg","contentUrl":"https:\/\/www.chullostravelperu.com\/blog\/wp-content\/uploads\/2025\/11\/1210821940-4ca75fc67533237da720d1df3d2ffd94c54ce04ee1cc7c580d6ee24c0ef8ba68-d-1.jpg","width":1000,"height":600},{"@type":"BreadcrumbList","@id":"https:\/\/www.chullostravelperu.com\/blog\/mansion-del-fundador-arequipa-historia-arquitectura-y-visita#breadcrumb","itemListElement":[{"@type":"ListItem","position":1,"name":"Portada","item":"https:\/\/www.chullostravelperu.com\/blog\/"},{"@type":"ListItem","position":2,"name":"Mansi\u00f3n del Fundador Arequipa: historia, arquitectura y visita"}]},{"@type":"WebSite","@id":"https:\/\/www.chullostravelperu.com\/blog\/#website","url":"https:\/\/www.chullostravelperu.com\/blog\/","name":"Chullos Travel Peru Blog","description":"","potentialAction":[{"@type":"SearchAction","target":{"@type":"EntryPoint","urlTemplate":"https:\/\/www.chullostravelperu.com\/blog\/?s={search_term_string}"},"query-input":{"@type":"PropertyValueSpecification","valueRequired":true,"valueName":"search_term_string"}}],"inLanguage":"es-PE"},{"@type":"Person","@id":"https:\/\/www.chullostravelperu.com\/blog\/#\/schema\/person\/724a973e1e9323a788e88c16ae7bc768","name":"adminchullos","image":{"@type":"ImageObject","inLanguage":"es-PE","@id":"https:\/\/secure.gravatar.com\/avatar\/7266cd2e190f3d415c661586fdd40530e1a055ef9105c40a6c28315c2ba66c8d?s=96&d=mm&r=g","url":"https:\/\/secure.gravatar.com\/avatar\/7266cd2e190f3d415c661586fdd40530e1a055ef9105c40a6c28315c2ba66c8d?s=96&d=mm&r=g","contentUrl":"https:\/\/secure.gravatar.com\/avatar\/7266cd2e190f3d415c661586fdd40530e1a055ef9105c40a6c28315c2ba66c8d?s=96&d=mm&r=g","caption":"adminchullos"},"url":"https:\/\/www.chullostravelperu.com\/blog\/author\/adminchullos"}]}},"_links":{"self":[{"href":"https:\/\/www.chullostravelperu.com\/blog\/wp-json\/wp\/v2\/posts\/33006","targetHints":{"allow":["GET"]}}],"collection":[{"href":"https:\/\/www.chullostravelperu.com\/blog\/wp-json\/wp\/v2\/posts"}],"about":[{"href":"https:\/\/www.chullostravelperu.com\/blog\/wp-json\/wp\/v2\/types\/post"}],"author":[{"embeddable":true,"href":"https:\/\/www.chullostravelperu.com\/blog\/wp-json\/wp\/v2\/users\/2"}],"replies":[{"embeddable":true,"href":"https:\/\/www.chullostravelperu.com\/blog\/wp-json\/wp\/v2\/comments?post=33006"}],"version-history":[{"count":2,"href":"https:\/\/www.chullostravelperu.com\/blog\/wp-json\/wp\/v2\/posts\/33006\/revisions"}],"predecessor-version":[{"id":33019,"href":"https:\/\/www.chullostravelperu.com\/blog\/wp-json\/wp\/v2\/posts\/33006\/revisions\/33019"}],"wp:featuredmedia":[{"embeddable":true,"href":"https:\/\/www.chullostravelperu.com\/blog\/wp-json\/wp\/v2\/media\/33010"}],"wp:attachment":[{"href":"https:\/\/www.chullostravelperu.com\/blog\/wp-json\/wp\/v2\/media?parent=33006"}],"wp:term":[{"taxonomy":"category","embeddable":true,"href":"https:\/\/www.chullostravelperu.com\/blog\/wp-json\/wp\/v2\/categories?post=33006"},{"taxonomy":"post_tag","embeddable":true,"href":"https:\/\/www.chullostravelperu.com\/blog\/wp-json\/wp\/v2\/tags?post=33006"}],"curies":[{"name":"wp","href":"https:\/\/api.w.org\/{rel}","templated":true}]}}