{"id":33922,"date":"2025-12-11T10:59:10","date_gmt":"2025-12-11T15:59:10","guid":{"rendered":"https:\/\/www.chullostravelperu.com\/blog\/?p=33922"},"modified":"2025-12-11T10:59:10","modified_gmt":"2025-12-11T15:59:10","slug":"avistamiento-condores-colca-donde-cuando-verlos","status":"publish","type":"post","link":"https:\/\/www.chullostravelperu.com\/blog\/avistamiento-condores-colca-donde-cuando-verlos","title":{"rendered":"\u00bfD\u00f3nde ver c\u00f3ndores en el Colca?"},"content":{"rendered":"<div class=\"flex flex-col text-sm @w-xl\/main:pt-header-height pb-25\">\n<article class=\"text-token-text-primary w-full focus:outline-none [--shadow-height:45px] has-data-writing-block:pointer-events-none has-data-writing-block:-mt-(--shadow-height) has-data-writing-block:pt-(--shadow-height) [&amp;:has([data-writing-block])&gt;*]:pointer-events-auto scroll-mt-[calc(var(--header-height)+min(200px,max(70px,20svh)))]\" dir=\"auto\" tabindex=\"-1\" data-turn-id=\"request-WEB:e3188630-2941-4a03-8816-97baef171cc1-3\" data-testid=\"conversation-turn-8\" data-scroll-anchor=\"true\" data-turn=\"assistant\">\n<div class=\"text-base my-auto mx-auto pb-10 [--thread-content-margin:--spacing(4)] @w-sm\/main:[--thread-content-margin:--spacing(6)] @w-lg\/main:[--thread-content-margin:--spacing(16)] px-(--thread-content-margin)\">\n<div class=\"[--thread-content-max-width:40rem] @w-lg\/main:[--thread-content-max-width:48rem] mx-auto max-w-(--thread-content-max-width) flex-1 group\/turn-messages focus-visible:outline-hidden relative flex w-full min-w-0 flex-col agent-turn\" tabindex=\"-1\">\n<div class=\"flex max-w-full flex-col grow\">\n<div class=\"min-h-8 text-message relative flex w-full flex-col items-end gap-2 text-start break-words whitespace-normal [.text-message+&amp;]:mt-1\" dir=\"auto\" data-message-author-role=\"assistant\" data-message-id=\"062021bf-e448-49b6-bd97-df3db6d1015e\" data-message-model-slug=\"gpt-5-1\">\n<div class=\"flex w-full flex-col gap-1 empty:hidden first:pt-[1px]\">\n<div class=\"markdown prose dark:prose-invert w-full break-words dark markdown-new-styling\">\n<h2 style=\"text-align: center;\" data-start=\"137\" data-end=\"767\"><span style=\"color: #008000;\"><i class=\"fas fa-mountain \" ><\/i> <i class=\"fas fa-mountain \" ><\/i><\/span><\/h2>\n<p data-start=\"137\" data-end=\"767\" data-is-last-node=\"\" data-is-only-node=\"\">El <a href=\"https:\/\/www.colcaperu.gob.pe\/\">Valle del Colca<\/a>, en el coraz\u00f3n de <a href=\"https:\/\/www.chullostravelperu.com\/category\/arequipa-es\/\">Arequipa<\/a>, es uno de esos lugares donde la naturaleza se muestra en su m\u00e1xima grandeza. Entre terrazas ancestrales, profundos abismos y volcanes vigilantes, se despliega un espect\u00e1culo que atrae a viajeros de todo el mundo: el majestuoso vuelo del <strong data-start=\"421\" data-end=\"438\">c\u00f3ndor andino<\/strong>. Observar c\u00f3mo estas enormes aves planean sobre el ca\u00f1\u00f3n es una de las experiencias m\u00e1s memorables que ofrece el Per\u00fa. Pero \u00bfcu\u00e1l es el mejor punto para verlos? \u00bfA qu\u00e9 hora aparecen? En esta gu\u00eda te contamos <strong data-start=\"647\" data-end=\"725\">d\u00f3nde y c\u00f3mo vivir este encuentro inolvidable con los guardianes del Colca<\/strong>, para que aproveches al m\u00e1ximo tu visita.<\/p>\n<p data-start=\"137\" data-end=\"767\" data-is-last-node=\"\" data-is-only-node=\"\"><img loading=\"lazy\" decoding=\"async\" class=\"size-full wp-image-33939 aligncenter\" src=\"https:\/\/www.chullostravelperu.com\/blog\/wp-content\/uploads\/2025\/12\/scr_53249-1.webp\" alt=\"\" width=\"1000\" height=\"600\" srcset=\"https:\/\/www.chullostravelperu.com\/blog\/wp-content\/uploads\/2025\/12\/scr_53249-1.webp 1000w, https:\/\/www.chullostravelperu.com\/blog\/wp-content\/uploads\/2025\/12\/scr_53249-1-768x461.webp 768w\" sizes=\"auto, (max-width: 1000px) 100vw, 1000px\" \/><\/p>\n<\/div>\n<\/div>\n<\/div>\n<\/div>\n<div class=\"z-0 flex min-h-[46px] justify-start\">\n<h2 data-start=\"201\" data-end=\"251\"><strong data-start=\"209\" data-end=\"251\"><span style=\"color: #ffff00;\"><i class=\"fas fa-star \" ><\/i><\/span><span style=\"color: #000080;\">Mirador Cruz del C\u00f3ndor (el principal)<\/span>\u00a0 <i class=\"fas fa-eye \" ><\/i><\/strong><\/h2>\n<ul data-start=\"252\" data-end=\"516\">\n<li data-start=\"252\" data-end=\"297\">\n<p data-start=\"254\" data-end=\"297\">Ubicado entre <strong data-start=\"268\" data-end=\"283\">Cabanaconde<\/strong> y <strong data-start=\"286\" data-end=\"296\">Chivay. <\/strong>Es el punto donde se registra <strong data-start=\"330\" data-end=\"361\">la mayor actividad de vuelo<\/strong>. Tiene barandas, plataformas y zonas para fotograf\u00eda. Suele estar m\u00e1s concurrido, pero es donde pr\u00e1cticamente <strong data-start=\"476\" data-end=\"515\">todos los d\u00edas se observan c\u00f3ndores<\/strong>.<\/p>\n<\/li>\n<\/ul>\n<p><img loading=\"lazy\" decoding=\"async\" class=\"size-full wp-image-33926 aligncenter\" src=\"https:\/\/www.chullostravelperu.com\/blog\/wp-content\/uploads\/2025\/12\/1727717508641-1.jpeg\" alt=\"\" width=\"1000\" height=\"600\" srcset=\"https:\/\/www.chullostravelperu.com\/blog\/wp-content\/uploads\/2025\/12\/1727717508641-1.jpeg 1000w, https:\/\/www.chullostravelperu.com\/blog\/wp-content\/uploads\/2025\/12\/1727717508641-1-768x461.jpeg 768w\" sizes=\"auto, (max-width: 1000px) 100vw, 1000px\" \/><\/p>\n<h2 data-start=\"518\" data-end=\"544\"><span style=\"color: #000080;\">Mejor \u00e9poca del a\u00f1o\u00a0 <span style=\"color: #333300;\"><i class=\"far fa-calendar-alt \" ><\/i><\/span><\/span><\/h2>\n<ul data-start=\"545\" data-end=\"700\">\n<li data-start=\"545\" data-end=\"632\">\n<h3 data-start=\"173\" data-end=\"235\"><strong data-start=\"180\" data-end=\"235\">Abril a noviembre \u2013 Temporada seca (la mejor \u00e9poca)<\/strong><\/h3>\n<p data-start=\"236\" data-end=\"319\">Durante estos meses, el Valle del Colca vive su \u00e9poca m\u00e1s estable clim\u00e1ticamente.<\/p>\n<p><strong data-start=\"322\" data-end=\"343\">Cielos despejados<\/strong> la mayor parte del d\u00eda. <strong data-start=\"372\" data-end=\"403\">Mejores corrientes t\u00e9rmicas<\/strong>: el sol calienta r\u00e1pidamente las paredes del ca\u00f1\u00f3n, creando columnas de aire caliente que los c\u00f3ndores aprovechan para elevarse sin esfuerzo. Esto permite <strong data-start=\"563\" data-end=\"604\">vuelos m\u00e1s largos, altos y constantes<\/strong>, ideales para fotograf\u00eda y observaci\u00f3n. Adem\u00e1s, hay <strong data-start=\"661\" data-end=\"694\">menos probabilidad de lluvias<\/strong> que interfieran con la visibilidad o el acceso a los miradores.<\/li>\n<\/ul>\n<p>En resumen: si quieres garantizar al m\u00e1ximo el avistamiento, esta es la temporada perfecta.<\/p>\n<ul data-start=\"545\" data-end=\"700\">\n<li data-start=\"633\" data-end=\"700\">\n<h3 data-start=\"858\" data-end=\"929\"><strong data-start=\"865\" data-end=\"929\">Diciembre a marzo \u2013 Temporada de lluvias (a\u00fan se pueden ver)<\/strong><\/h3>\n<p data-start=\"930\" data-end=\"1068\">Aunque el clima es m\u00e1s variable, los c\u00f3ndores <strong data-start=\"976\" data-end=\"1009\">siguen volando todos los d\u00edas<\/strong>, ya que sus h\u00e1bitos no cambian por temporada. Sin embargo:<\/p>\n<p>Hay <strong data-start=\"1076\" data-end=\"1106\">mayor presencia de neblina<\/strong>, sobre todo temprano en la ma\u00f1ana, lo que puede reducir la visibilidad. Las <strong data-start=\"1187\" data-end=\"1212\">lluvias intermitentes<\/strong> pueden provocar retrasos o cierres parciales en algunos tramos de carretera. Aun as\u00ed, cuando las nubes se abren, los c\u00f3ndores suelen aparecer aprovechando el calor del mediod\u00eda.<\/li>\n<\/ul>\n<p>Esta \u00e9poca ofrece paisajes m\u00e1s verdes, menos turistas y un ambiente m\u00e1s tranquilo, pero con un poco m\u00e1s de imprevisibilidad.<\/p>\n<p><img loading=\"lazy\" decoding=\"async\" class=\"size-full wp-image-33937 aligncenter\" src=\"https:\/\/www.chullostravelperu.com\/blog\/wp-content\/uploads\/2025\/12\/DSC_0384-1.jpg\" alt=\"\" width=\"1000\" height=\"600\" srcset=\"https:\/\/www.chullostravelperu.com\/blog\/wp-content\/uploads\/2025\/12\/DSC_0384-1.jpg 1000w, https:\/\/www.chullostravelperu.com\/blog\/wp-content\/uploads\/2025\/12\/DSC_0384-1-768x461.jpg 768w\" sizes=\"auto, (max-width: 1000px) 100vw, 1000px\" \/><\/p>\n<h2 data-start=\"169\" data-end=\"237\"><span style=\"color: #000080;\"><strong data-start=\"175\" data-end=\"237\">Otros miradores recomendados para ver c\u00f3ndores en el Colca\u00a0 <span style=\"color: #000000;\"><i class=\"fas fa-eye \" ><\/i><\/span>\u00a0 <span style=\"color: #800000;\"><i class=\"fas fa-plus \" ><\/i><\/span><\/strong><\/span><\/h2>\n<p data-start=\"239\" data-end=\"508\">Aunque el <strong data-start=\"249\" data-end=\"268\">Cruz del C\u00f3ndor<\/strong> es el punto m\u00e1s popular, el Valle del Colca cuenta con otros miradores que ofrecen perspectivas \u00fanicas y ambientes m\u00e1s tranquilos. Muchos viajeros prefieren estos lugares para disfrutar del vuelo de los c\u00f3ndores sin las grandes multitudes.<\/p>\n<h2 data-start=\"515\" data-end=\"546\"><span style=\"color: #000080;\"><strong data-start=\"521\" data-end=\"546\">Mirador Cruz de San Miguel\u00a0 <span style=\"color: #333300;\"><i class=\"fas fa-eye \" ><\/i><\/span><\/strong><\/span><\/h2>\n<p data-start=\"547\" data-end=\"670\">Ubicado a pocos minutos de <strong data-start=\"574\" data-end=\"589\">Cabanaconde<\/strong>, este mirador es una excelente alternativa si buscas un ambiente m\u00e1s relajado.<\/p>\n<ul data-start=\"671\" data-end=\"1009\">\n<li data-start=\"671\" data-end=\"794\">\n<p data-start=\"673\" data-end=\"794\">La altura y orientaci\u00f3n del mirador permiten observar c\u00f3mo los c\u00f3ndores salen desde sus nidos en las paredes del ca\u00f1\u00f3n.<\/p>\n<\/li>\n<li data-start=\"795\" data-end=\"904\">\n<p data-start=\"797\" data-end=\"904\">Es ideal para llegar <strong data-start=\"818\" data-end=\"847\">muy temprano en la ma\u00f1ana<\/strong>, antes de que los turistas comiencen a llenar la zona.<\/p>\n<\/li>\n<li data-start=\"905\" data-end=\"1009\">\n<p data-start=\"907\" data-end=\"1009\">Perfecto para quienes valoran la tranquilidad y quieren vivir un momento m\u00e1s \u00edntimo con la naturaleza.<\/p>\n<\/li>\n<\/ul>\n<p><img loading=\"lazy\" decoding=\"async\" class=\"size-full wp-image-33927 aligncenter\" src=\"https:\/\/www.chullostravelperu.com\/blog\/wp-content\/uploads\/2025\/12\/76360900-1.jpg\" alt=\"\" width=\"1000\" height=\"600\" srcset=\"https:\/\/www.chullostravelperu.com\/blog\/wp-content\/uploads\/2025\/12\/76360900-1.jpg 1000w, https:\/\/www.chullostravelperu.com\/blog\/wp-content\/uploads\/2025\/12\/76360900-1-768x461.jpg 768w\" sizes=\"auto, (max-width: 1000px) 100vw, 1000px\" \/><\/p>\n<h2 data-start=\"1016\" data-end=\"1047\"><span style=\"color: #000080;\"><strong data-start=\"1022\" data-end=\"1047\">Mirador Achachihua\u00a0 \u00a0<\/strong><\/span><span style=\"color: #000080;\"><strong data-start=\"521\" data-end=\"546\"><span style=\"color: #333300;\"><i class=\"fas fa-eye \" ><\/i><\/span><\/strong><\/span><\/h2>\n<p data-start=\"1048\" data-end=\"1129\">Este mirador destaca por ofrecer <strong data-start=\"1081\" data-end=\"1126\">una de las vistas m\u00e1s profundas del ca\u00f1\u00f3n<\/strong>.<\/p>\n<ul data-start=\"1130\" data-end=\"1498\">\n<li data-start=\"1130\" data-end=\"1290\">\n<p data-start=\"1132\" data-end=\"1290\">Desde aqu\u00ed se pueden obtener panor\u00e1micas impresionantes del vuelo de los c\u00f3ndores, que suelen desplazarse a diferentes alturas seg\u00fan la temperatura del d\u00eda.<\/p>\n<\/li>\n<li data-start=\"1291\" data-end=\"1412\">\n<p data-start=\"1293\" data-end=\"1412\">Es un punto muy apreciado por fot\u00f3grafos, ya que permite capturar al ave enmarcada por las enormes paredes del Colca.<\/p>\n<\/li>\n<li data-start=\"1413\" data-end=\"1498\">\n<p data-start=\"1415\" data-end=\"1498\">Adem\u00e1s, es menos frecuentado, lo que permite disfrutar del paisaje con mayor calma.<\/p>\n<\/li>\n<\/ul>\n<p><img loading=\"lazy\" decoding=\"async\" class=\"size-full wp-image-33930 aligncenter\" src=\"https:\/\/www.chullostravelperu.com\/blog\/wp-content\/uploads\/2025\/12\/504043824_1301550798643922_8086312105375105638_n-1-1.jpg\" alt=\"\" width=\"1000\" height=\"600\" srcset=\"https:\/\/www.chullostravelperu.com\/blog\/wp-content\/uploads\/2025\/12\/504043824_1301550798643922_8086312105375105638_n-1-1.jpg 1000w, https:\/\/www.chullostravelperu.com\/blog\/wp-content\/uploads\/2025\/12\/504043824_1301550798643922_8086312105375105638_n-1-1-768x461.jpg 768w\" sizes=\"auto, (max-width: 1000px) 100vw, 1000px\" \/><\/p>\n<h2 data-start=\"1505\" data-end=\"1531\"><span style=\"color: #000080;\"><strong data-start=\"1511\" data-end=\"1531\">Mirador Tapay\u00a0 \u00a0<\/strong><\/span><span style=\"color: #000080;\"><strong data-start=\"521\" data-end=\"546\"><span style=\"color: #333300;\"><i class=\"fas fa-eye \" ><\/i><\/span><\/strong><\/span><\/h2>\n<p data-start=\"1532\" data-end=\"1670\">Con vista directa hacia el <strong data-start=\"1559\" data-end=\"1589\">pintoresco pueblo de Tapay<\/strong>, este mirador es muy popular entre viajeros que realizan trekking por la zona.<\/p>\n<ul data-start=\"1671\" data-end=\"1982\">\n<li data-start=\"1671\" data-end=\"1747\">\n<p data-start=\"1673\" data-end=\"1747\">Se encuentra cerca de senderos que conectan con varios puntos del ca\u00f1\u00f3n.<\/p>\n<\/li>\n<li data-start=\"1748\" data-end=\"1901\">\n<p data-start=\"1750\" data-end=\"1901\">Es un excelente lugar para descansar y observar el vuelo de los c\u00f3ndores mientras disfrutas de una panor\u00e1mica completa del valle y sus asentamientos.<\/p>\n<\/li>\n<li data-start=\"1902\" data-end=\"1982\">\n<p data-start=\"1904\" data-end=\"1982\">Recomendado para quienes buscan combinar naturaleza, caminata y cultura local.<\/p>\n<\/li>\n<\/ul>\n<p><img loading=\"lazy\" decoding=\"async\" class=\"size-full wp-image-33932 aligncenter\" src=\"https:\/\/www.chullostravelperu.com\/blog\/wp-content\/uploads\/2025\/12\/510838863_9975300435910102_4752581780405619525_n-2.jpg\" alt=\"\" width=\"1000\" height=\"600\" srcset=\"https:\/\/www.chullostravelperu.com\/blog\/wp-content\/uploads\/2025\/12\/510838863_9975300435910102_4752581780405619525_n-2.jpg 1000w, https:\/\/www.chullostravelperu.com\/blog\/wp-content\/uploads\/2025\/12\/510838863_9975300435910102_4752581780405619525_n-2-768x461.jpg 768w\" sizes=\"auto, (max-width: 1000px) 100vw, 1000px\" \/><\/p>\n<h2 data-start=\"1989\" data-end=\"2018\"><span style=\"color: #000080;\"><strong data-start=\"1995\" data-end=\"2018\">Mirador del Cura\u00a0 \u00a0<\/strong><\/span><span style=\"color: #000080;\"><strong data-start=\"521\" data-end=\"546\"><span style=\"color: #333300;\"><i class=\"fas fa-eye \" ><\/i><\/span><\/strong><\/span><\/h2>\n<p data-start=\"2019\" data-end=\"2131\">Menos conocido y alejado del circuito tur\u00edstico tradicional, el Mirador del Cura es una joya oculta del Colca.<\/p>\n<ul data-start=\"2132\" data-end=\"2434\">\n<li data-start=\"2132\" data-end=\"2242\">\n<p data-start=\"2134\" data-end=\"2242\">Ofrece <strong data-start=\"2141\" data-end=\"2172\">excelentes vistas del valle<\/strong> y permite avistar c\u00f3ndores que sobrevuelan sectores menos poblados.<\/p>\n<\/li>\n<li data-start=\"2243\" data-end=\"2336\">\n<p data-start=\"2245\" data-end=\"2336\">Al ser m\u00e1s silencioso y menos concurrido, la fauna suele acercarse con mayor naturalidad.<\/p>\n<\/li>\n<li data-start=\"2337\" data-end=\"2434\">\n<p data-start=\"2339\" data-end=\"2434\">Ideal para quienes buscan un mirador alternativo o fotograf\u00eda de naturaleza sin interrupciones.<\/p>\n<\/li>\n<\/ul>\n<p><img loading=\"lazy\" decoding=\"async\" class=\"size-full wp-image-33933 aligncenter\" src=\"https:\/\/www.chullostravelperu.com\/blog\/wp-content\/uploads\/2025\/12\/124542507_3641224612622655_202949307262153832_n-1.jpg\" alt=\"\" width=\"1000\" height=\"600\" srcset=\"https:\/\/www.chullostravelperu.com\/blog\/wp-content\/uploads\/2025\/12\/124542507_3641224612622655_202949307262153832_n-1.jpg 1000w, https:\/\/www.chullostravelperu.com\/blog\/wp-content\/uploads\/2025\/12\/124542507_3641224612622655_202949307262153832_n-1-768x461.jpg 768w\" sizes=\"auto, (max-width: 1000px) 100vw, 1000px\" \/><\/p>\n<h2 data-start=\"2441\" data-end=\"2493\"><span style=\"color: #000080;\"><strong data-start=\"2446\" data-end=\"2493\">Mejor horario para ver c\u00f3ndores en el Colca\u00a0 <span style=\"color: #800000;\"><i class=\"fas fa-clock \" ><\/i><\/span><\/strong><\/span><\/h2>\n<p data-start=\"2495\" data-end=\"2697\">Los c\u00f3ndores andinos dependen del <strong data-start=\"2529\" data-end=\"2546\">calor del sol<\/strong> para generar corrientes t\u00e9rmicas que les permiten elevarse sin esfuerzo. Por eso, el horario es clave para aumentar tus posibilidades de avistamiento.<\/p>\n<h3 data-start=\"2699\" data-end=\"2731\"><span style=\"color: #333399;\"><strong data-start=\"2706\" data-end=\"2731\">Mejor momento del d\u00eda\u00a0 <span style=\"color: #ff9900;\"><i class=\"fas fa-cloud-sun \" ><\/i><\/span><\/strong><\/span><\/h3>\n<ul data-start=\"2732\" data-end=\"2937\">\n<li data-start=\"2732\" data-end=\"2937\">\n<p data-start=\"2734\" data-end=\"2937\"><strong data-start=\"2734\" data-end=\"2766\">Entre 7:30 a.m. y 10:00 a.m.<\/strong><br data-start=\"2766\" data-end=\"2769\" \/>Durante estas horas, el sol comienza a calentar las paredes del ca\u00f1\u00f3n y los c\u00f3ndores salen de sus nidos para planear, a veces pasando a pocos metros de los miradores.<\/p>\n<\/li>\n<\/ul>\n<h3 data-start=\"2939\" data-end=\"2983\"><span style=\"color: #333399;\"><strong data-start=\"2946\" data-end=\"2983\">Opci\u00f3n menos segura, pero posible\u00a0 <span style=\"color: #ff9900;\"><i class=\"fas fa-sun \" ><\/i><\/span><\/strong><\/span><\/h3>\n<ul data-start=\"2984\" data-end=\"3181\">\n<li data-start=\"2984\" data-end=\"3181\">\n<p data-start=\"2986\" data-end=\"3181\"><strong data-start=\"2986\" data-end=\"3017\">Entre 2:30 p.m. y 4:00 p.m.<\/strong><br data-start=\"3017\" data-end=\"3020\" \/>En algunos d\u00edas, especialmente soleados, las corrientes de la tarde tambi\u00e9n permiten vuelos interesantes, aunque la actividad suele ser menor que en la ma\u00f1ana.<\/p>\n<\/li>\n<\/ul>\n<h2 data-start=\"3183\" data-end=\"3220\"><span style=\"color: #000080;\"><strong data-start=\"3190\" data-end=\"3220\">\u00bfPor qu\u00e9 importa el calor?\u00a0 <span style=\"color: #ffff00;\"><i class=\"far fa-sun \" ><\/i><\/span><\/strong><\/span><\/h2>\n<p data-start=\"73\" data-end=\"357\">Cuanto mayor es la radiaci\u00f3n solar que recibe el ca\u00f1\u00f3n, m\u00e1s se calientan las paredes rocosas y el suelo del valle. Ese calentamiento desigual genera corrientes t\u00e9rmicas ascendentes: el aire caliente sube y crea \u201ccolumnas\u201d de aire que funcionan como elevadores naturales.<\/p>\n<p data-start=\"359\" data-end=\"598\">Los c\u00f3ndores, que son aves planeadoras y dependen casi totalmente de estas t\u00e9rmicas para elevarse (porque sus enormes alas requieren mucha energ\u00eda para batir), aprovechan estas corrientes para ganar altura sin gastar esfuerzo. Por eso:<\/p>\n<ul data-start=\"600\" data-end=\"1055\">\n<li data-start=\"600\" data-end=\"700\">\n<p data-start=\"602\" data-end=\"700\">A media ma\u00f1ana, cuando el sol ya ha calentado bien el ca\u00f1\u00f3n, las corrientes son m\u00e1s fuertes.<\/p>\n<\/li>\n<li data-start=\"701\" data-end=\"863\">\n<p data-start=\"703\" data-end=\"863\">Aumenta considerablemente la actividad de los c\u00f3ndores, que salen de sus dormideros para ascender, desplazarse a otras partes del valle o buscar alimento.<\/p>\n<\/li>\n<li data-start=\"864\" data-end=\"1055\">\n<p data-start=\"866\" data-end=\"1055\">Para el visitante, esto significa m\u00e1s probabilidad de verlos volar cerca, y a menudo a muy poca distancia del mirador, ya que pasan planeando justo por encima o a la altura de la vista.<\/p>\n<\/li>\n<\/ul>\n<p data-start=\"1057\" data-end=\"1152\">En resumen: m\u00e1s sol \u2192 m\u00e1s aire caliente \u2192 mejores t\u00e9rmicas \u2192 m\u00e1s c\u00f3ndores en vuelo visible.<\/p>\n<p data-start=\"3221\" data-end=\"3468\"><img loading=\"lazy\" decoding=\"async\" class=\"size-full wp-image-33934 aligncenter\" src=\"https:\/\/www.chullostravelperu.com\/blog\/wp-content\/uploads\/2025\/12\/DSC4592-1-scaled-2400x1400-1.jpg\" alt=\"\" width=\"1000\" height=\"600\" srcset=\"https:\/\/www.chullostravelperu.com\/blog\/wp-content\/uploads\/2025\/12\/DSC4592-1-scaled-2400x1400-1.jpg 1000w, https:\/\/www.chullostravelperu.com\/blog\/wp-content\/uploads\/2025\/12\/DSC4592-1-scaled-2400x1400-1-768x461.jpg 768w\" sizes=\"auto, (max-width: 1000px) 100vw, 1000px\" \/><\/p>\n<h2 style=\"text-align: left;\" data-start=\"1610\" data-end=\"1630\"><span style=\"color: #000080;\"><strong data-start=\"1615\" data-end=\"1630\">C\u00f3mo llegar\u00a0 <span style=\"color: #000000;\"><i class=\"fas fa-running \" ><\/i><\/span><\/strong><\/span><\/h2>\n<h2 style=\"text-align: left;\" data-start=\"1631\" data-end=\"1652\"><span style=\"color: #000080;\">Desde <strong data-start=\"1640\" data-end=\"1652\">Arequipa\u00a0 \u00a0<span style=\"color: #808080;\"><i class=\"fas fa-city \" ><\/i><\/span><\/strong><\/span><\/h2>\n<p data-start=\"1655\" data-end=\"1733\">Tiempo: <strong data-start=\"1663\" data-end=\"1680\">3.5 a 4 horas<\/strong> hasta Chivay, y 1.5 horas m\u00e1s hasta Cruz del C\u00f3ndor.<\/p>\n<p data-start=\"1736\" data-end=\"1745\">Opciones:<\/p>\n<ul>\n<li><strong data-start=\"1753\" data-end=\"1777\">Tour de d\u00eda completo<\/strong> (los m\u00e1s comunes)<\/li>\n<li data-start=\"1734\" data-end=\"1914\"><strong data-start=\"1804\" data-end=\"1825\">Bus a Cabanaconde<\/strong> + caminata corta al mirador.<\/li>\n<li data-start=\"1734\" data-end=\"1914\"><strong data-start=\"1862\" data-end=\"1877\">Auto propio<\/strong> (carretera asfaltada en su mayor\u00eda).<\/li>\n<\/ul>\n<h2 data-start=\"1916\" data-end=\"1940\"><span style=\"color: #000080;\">Desde <strong data-start=\"1925\" data-end=\"1940\">Cabanaconde\u00a0 \u00a0<\/strong><\/span><span style=\"color: #000080;\"><strong data-start=\"1640\" data-end=\"1652\"><span style=\"color: #808080;\"><i class=\"fas fa-city \" ><\/i><\/span><\/strong><\/span><\/h2>\n<ul data-start=\"1941\" data-end=\"1988\">\n<li data-start=\"1941\" data-end=\"1988\">\n<p data-start=\"1943\" data-end=\"1988\">Taxis o motos te llevan en <strong data-start=\"1970\" data-end=\"1987\">15\u201320 minutos<\/strong>.<\/p>\n<\/li>\n<\/ul>\n<h2 data-start=\"1995\" data-end=\"2018\"><span style=\"color: #000080;\">Consejos pr\u00e1cticos\u00a0 <span style=\"color: #008000;\"><i class=\"fas fa-check \" ><\/i><\/span><\/span><\/h2>\n<ul data-start=\"2019\" data-end=\"2308\">\n<li data-start=\"2019\" data-end=\"2070\">\n<p data-start=\"2021\" data-end=\"2070\">Lleva <strong data-start=\"2027\" data-end=\"2046\">ropa abrigadora<\/strong>: las ma\u00f1anas son fr\u00edas.<\/p>\n<\/li>\n<li data-start=\"2071\" data-end=\"2111\">\n<p data-start=\"2073\" data-end=\"2111\">Lleva <strong data-start=\"2079\" data-end=\"2098\">protector solar<\/strong> y <strong data-start=\"2101\" data-end=\"2110\">gorra<\/strong>.<\/p>\n<\/li>\n<li data-start=\"2112\" data-end=\"2172\">\n<p data-start=\"2114\" data-end=\"2172\"><strong data-start=\"2114\" data-end=\"2142\">Lentes o c\u00e1mara con zoom<\/strong> mejoran mucho la experiencia.<\/p>\n<\/li>\n<li data-start=\"2173\" data-end=\"2235\">\n<p data-start=\"2175\" data-end=\"2235\">S\u00e9 paciente: a veces pasan de uno a varios en pocos minutos.<\/p>\n<\/li>\n<li data-start=\"2236\" data-end=\"2308\">\n<p data-start=\"2238\" data-end=\"2308\">Mant\u00e9n silencio: el ruido ahuyenta a los c\u00f3ndores y afecta a la fauna.<\/p>\n<\/li>\n<\/ul>\n<h2 style=\"text-align: left;\" data-start=\"2315\" data-end=\"2363\"><span style=\"color: #000080;\">Informaci\u00f3n interesante sobre los c\u00f3ndores\u00a0 <span style=\"color: #800000;\"><i class=\"fas fa-book \" ><\/i><\/span><\/span><\/h2>\n<ul data-start=\"2364\" data-end=\"2627\">\n<li data-start=\"2364\" data-end=\"2451\">\n<p data-start=\"2366\" data-end=\"2451\">Son una de las <strong data-start=\"2381\" data-end=\"2421\">aves voladoras m\u00e1s grandes del mundo<\/strong> (hasta 3,3 m de envergadura).<\/p>\n<\/li>\n<li data-start=\"2452\" data-end=\"2486\">\n<p data-start=\"2454\" data-end=\"2486\">Pueden vivir <strong data-start=\"2467\" data-end=\"2485\">m\u00e1s de 70 a\u00f1os<\/strong>.<\/p>\n<\/li>\n<li data-start=\"2487\" data-end=\"2554\">\n<p data-start=\"2489\" data-end=\"2554\">En el Colca hay <strong data-start=\"2505\" data-end=\"2553\">una de las colonias m\u00e1s importantes del Per\u00fa<\/strong>.<\/p>\n<\/li>\n<li data-start=\"2555\" data-end=\"2627\">\n<p data-start=\"2557\" data-end=\"2627\">Vuelan a m\u00e1s de <strong data-start=\"2573\" data-end=\"2587\">5.000 msnm<\/strong>, aprovechando las corrientes del ca\u00f1\u00f3n.<\/p>\n<\/li>\n<\/ul>\n<p><img loading=\"lazy\" decoding=\"async\" class=\"size-full wp-image-33935 aligncenter\" src=\"https:\/\/www.chullostravelperu.com\/blog\/wp-content\/uploads\/2025\/12\/COLP_296728-1.jpg\" alt=\"\" width=\"1000\" height=\"600\" srcset=\"https:\/\/www.chullostravelperu.com\/blog\/wp-content\/uploads\/2025\/12\/COLP_296728-1.jpg 1000w, https:\/\/www.chullostravelperu.com\/blog\/wp-content\/uploads\/2025\/12\/COLP_296728-1-768x461.jpg 768w\" sizes=\"auto, (max-width: 1000px) 100vw, 1000px\" \/><\/p>\n<\/div>\n<\/div>\n<\/div>\n<\/article>\n<\/div>\n<div class=\"pointer-events-none h-px w-px absolute bottom-0\" aria-hidden=\"true\" data-edge=\"true\"><\/div>\n","protected":false},"excerpt":{"rendered":"<p>El Valle del Colca, en el coraz\u00f3n de Arequipa, es uno de esos lugares donde la naturaleza se muestra en su m\u00e1xima grandeza. Entre terrazas ancestrales, profundos abismos y volcanes vigilantes, se despliega un espect\u00e1culo que atrae a viajeros de todo el mundo: el majestuoso vuelo del c\u00f3ndor andino. Observar c\u00f3mo estas enormes aves planean [&hellip;]<\/p>\n","protected":false},"author":2,"featured_media":33939,"comment_status":"open","ping_status":"open","sticky":false,"template":"","format":"standard","meta":{"footnotes":""},"categories":[11],"tags":[],"class_list":["post-33922","post","type-post","status-publish","format-standard","has-post-thumbnail","hentry","category-blog"],"acf":[],"yoast_head":"<!-- This site is optimized with the Yoast SEO plugin v27.5 - https:\/\/yoast.com\/product\/yoast-seo-wordpress\/ -->\n<title>Avistamiento de c\u00f3ndores en el Colca: \u00bfd\u00f3nde y cu\u00e1ndo verlos?<\/title>\n<meta name=\"description\" content=\"Descubre d\u00f3nde y cu\u00e1ndo ver c\u00f3ndores en el Ca\u00f1\u00f3n del Colca. Gu\u00eda pr\u00e1ctica con los mejores miradores, horarios y consejos para tu visita\" \/>\n<meta name=\"robots\" content=\"index, follow, max-snippet:-1, max-image-preview:large, max-video-preview:-1\" \/>\n<link rel=\"canonical\" href=\"https:\/\/www.chullostravelperu.com\/blog\/avistamiento-condores-colca-donde-cuando-verlos\" \/>\n<meta property=\"og:locale\" content=\"es_ES\" \/>\n<meta property=\"og:type\" content=\"article\" \/>\n<meta property=\"og:title\" content=\"Avistamiento de c\u00f3ndores en el Colca: \u00bfd\u00f3nde y cu\u00e1ndo verlos?\" \/>\n<meta property=\"og:description\" content=\"Descubre d\u00f3nde y cu\u00e1ndo ver c\u00f3ndores en el Ca\u00f1\u00f3n del Colca. Gu\u00eda pr\u00e1ctica con los mejores miradores, horarios y consejos para tu visita\" \/>\n<meta property=\"og:url\" content=\"https:\/\/www.chullostravelperu.com\/blog\/avistamiento-condores-colca-donde-cuando-verlos\" \/>\n<meta property=\"og:site_name\" content=\"Chullos Travel Peru Blog\" \/>\n<meta property=\"article:published_time\" content=\"2025-12-11T15:59:10+00:00\" \/>\n<meta property=\"og:image\" content=\"https:\/\/www.chullostravelperu.com\/blog\/wp-content\/uploads\/2025\/12\/scr_53249-1.webp\" \/>\n\t<meta property=\"og:image:width\" content=\"1000\" \/>\n\t<meta property=\"og:image:height\" content=\"600\" \/>\n\t<meta property=\"og:image:type\" content=\"image\/webp\" \/>\n<meta name=\"author\" content=\"adminchullos\" \/>\n<meta name=\"twitter:card\" content=\"summary_large_image\" \/>\n<meta name=\"twitter:label1\" content=\"Written by\" \/>\n\t<meta name=\"twitter:data1\" content=\"adminchullos\" \/>\n\t<meta name=\"twitter:label2\" content=\"Est. reading time\" \/>\n\t<meta name=\"twitter:data2\" content=\"8 minutos\" \/>\n<script type=\"application\/ld+json\" class=\"yoast-schema-graph\">{\"@context\":\"https:\\\/\\\/schema.org\",\"@graph\":[{\"@type\":\"Article\",\"@id\":\"https:\\\/\\\/www.chullostravelperu.com\\\/blog\\\/avistamiento-condores-colca-donde-cuando-verlos#article\",\"isPartOf\":{\"@id\":\"https:\\\/\\\/www.chullostravelperu.com\\\/blog\\\/avistamiento-condores-colca-donde-cuando-verlos\"},\"author\":{\"name\":\"adminchullos\",\"@id\":\"https:\\\/\\\/www.chullostravelperu.com\\\/blog\\\/#\\\/schema\\\/person\\\/724a973e1e9323a788e88c16ae7bc768\"},\"headline\":\"\u00bfD\u00f3nde ver c\u00f3ndores en el Colca?\",\"datePublished\":\"2025-12-11T15:59:10+00:00\",\"mainEntityOfPage\":{\"@id\":\"https:\\\/\\\/www.chullostravelperu.com\\\/blog\\\/avistamiento-condores-colca-donde-cuando-verlos\"},\"wordCount\":1388,\"commentCount\":0,\"image\":{\"@id\":\"https:\\\/\\\/www.chullostravelperu.com\\\/blog\\\/avistamiento-condores-colca-donde-cuando-verlos#primaryimage\"},\"thumbnailUrl\":\"https:\\\/\\\/www.chullostravelperu.com\\\/blog\\\/wp-content\\\/uploads\\\/2025\\\/12\\\/scr_53249-1.webp\",\"articleSection\":[\"Blog\"],\"inLanguage\":\"es-PE\",\"potentialAction\":[{\"@type\":\"CommentAction\",\"name\":\"Comment\",\"target\":[\"https:\\\/\\\/www.chullostravelperu.com\\\/blog\\\/avistamiento-condores-colca-donde-cuando-verlos#respond\"]}]},{\"@type\":\"WebPage\",\"@id\":\"https:\\\/\\\/www.chullostravelperu.com\\\/blog\\\/avistamiento-condores-colca-donde-cuando-verlos\",\"url\":\"https:\\\/\\\/www.chullostravelperu.com\\\/blog\\\/avistamiento-condores-colca-donde-cuando-verlos\",\"name\":\"Avistamiento de c\u00f3ndores en el Colca: \u00bfd\u00f3nde y cu\u00e1ndo verlos?\",\"isPartOf\":{\"@id\":\"https:\\\/\\\/www.chullostravelperu.com\\\/blog\\\/#website\"},\"primaryImageOfPage\":{\"@id\":\"https:\\\/\\\/www.chullostravelperu.com\\\/blog\\\/avistamiento-condores-colca-donde-cuando-verlos#primaryimage\"},\"image\":{\"@id\":\"https:\\\/\\\/www.chullostravelperu.com\\\/blog\\\/avistamiento-condores-colca-donde-cuando-verlos#primaryimage\"},\"thumbnailUrl\":\"https:\\\/\\\/www.chullostravelperu.com\\\/blog\\\/wp-content\\\/uploads\\\/2025\\\/12\\\/scr_53249-1.webp\",\"datePublished\":\"2025-12-11T15:59:10+00:00\",\"author\":{\"@id\":\"https:\\\/\\\/www.chullostravelperu.com\\\/blog\\\/#\\\/schema\\\/person\\\/724a973e1e9323a788e88c16ae7bc768\"},\"description\":\"Descubre d\u00f3nde y cu\u00e1ndo ver c\u00f3ndores en el Ca\u00f1\u00f3n del Colca. Gu\u00eda pr\u00e1ctica con los mejores miradores, horarios y consejos para tu visita\",\"breadcrumb\":{\"@id\":\"https:\\\/\\\/www.chullostravelperu.com\\\/blog\\\/avistamiento-condores-colca-donde-cuando-verlos#breadcrumb\"},\"inLanguage\":\"es-PE\",\"potentialAction\":[{\"@type\":\"ReadAction\",\"target\":[\"https:\\\/\\\/www.chullostravelperu.com\\\/blog\\\/avistamiento-condores-colca-donde-cuando-verlos\"]}]},{\"@type\":\"ImageObject\",\"inLanguage\":\"es-PE\",\"@id\":\"https:\\\/\\\/www.chullostravelperu.com\\\/blog\\\/avistamiento-condores-colca-donde-cuando-verlos#primaryimage\",\"url\":\"https:\\\/\\\/www.chullostravelperu.com\\\/blog\\\/wp-content\\\/uploads\\\/2025\\\/12\\\/scr_53249-1.webp\",\"contentUrl\":\"https:\\\/\\\/www.chullostravelperu.com\\\/blog\\\/wp-content\\\/uploads\\\/2025\\\/12\\\/scr_53249-1.webp\",\"width\":1000,\"height\":600},{\"@type\":\"BreadcrumbList\",\"@id\":\"https:\\\/\\\/www.chullostravelperu.com\\\/blog\\\/avistamiento-condores-colca-donde-cuando-verlos#breadcrumb\",\"itemListElement\":[{\"@type\":\"ListItem\",\"position\":1,\"name\":\"Portada\",\"item\":\"https:\\\/\\\/www.chullostravelperu.com\\\/blog\\\/\"},{\"@type\":\"ListItem\",\"position\":2,\"name\":\"\u00bfD\u00f3nde ver c\u00f3ndores en el Colca?\"}]},{\"@type\":\"WebSite\",\"@id\":\"https:\\\/\\\/www.chullostravelperu.com\\\/blog\\\/#website\",\"url\":\"https:\\\/\\\/www.chullostravelperu.com\\\/blog\\\/\",\"name\":\"Chullos Travel Peru Blog\",\"description\":\"\",\"potentialAction\":[{\"@type\":\"SearchAction\",\"target\":{\"@type\":\"EntryPoint\",\"urlTemplate\":\"https:\\\/\\\/www.chullostravelperu.com\\\/blog\\\/?s={search_term_string}\"},\"query-input\":{\"@type\":\"PropertyValueSpecification\",\"valueRequired\":true,\"valueName\":\"search_term_string\"}}],\"inLanguage\":\"es-PE\"},{\"@type\":\"Person\",\"@id\":\"https:\\\/\\\/www.chullostravelperu.com\\\/blog\\\/#\\\/schema\\\/person\\\/724a973e1e9323a788e88c16ae7bc768\",\"name\":\"adminchullos\",\"image\":{\"@type\":\"ImageObject\",\"inLanguage\":\"es-PE\",\"@id\":\"https:\\\/\\\/secure.gravatar.com\\\/avatar\\\/7266cd2e190f3d415c661586fdd40530e1a055ef9105c40a6c28315c2ba66c8d?s=96&d=mm&r=g\",\"url\":\"https:\\\/\\\/secure.gravatar.com\\\/avatar\\\/7266cd2e190f3d415c661586fdd40530e1a055ef9105c40a6c28315c2ba66c8d?s=96&d=mm&r=g\",\"contentUrl\":\"https:\\\/\\\/secure.gravatar.com\\\/avatar\\\/7266cd2e190f3d415c661586fdd40530e1a055ef9105c40a6c28315c2ba66c8d?s=96&d=mm&r=g\",\"caption\":\"adminchullos\"},\"url\":\"https:\\\/\\\/www.chullostravelperu.com\\\/blog\\\/author\\\/adminchullos\"}]}<\/script>\n<!-- \/ Yoast SEO plugin. -->","yoast_head_json":{"title":"Avistamiento de c\u00f3ndores en el Colca: \u00bfd\u00f3nde y cu\u00e1ndo verlos?","description":"Descubre d\u00f3nde y cu\u00e1ndo ver c\u00f3ndores en el Ca\u00f1\u00f3n del Colca. Gu\u00eda pr\u00e1ctica con los mejores miradores, horarios y consejos para tu visita","robots":{"index":"index","follow":"follow","max-snippet":"max-snippet:-1","max-image-preview":"max-image-preview:large","max-video-preview":"max-video-preview:-1"},"canonical":"https:\/\/www.chullostravelperu.com\/blog\/avistamiento-condores-colca-donde-cuando-verlos","og_locale":"es_ES","og_type":"article","og_title":"Avistamiento de c\u00f3ndores en el Colca: \u00bfd\u00f3nde y cu\u00e1ndo verlos?","og_description":"Descubre d\u00f3nde y cu\u00e1ndo ver c\u00f3ndores en el Ca\u00f1\u00f3n del Colca. Gu\u00eda pr\u00e1ctica con los mejores miradores, horarios y consejos para tu visita","og_url":"https:\/\/www.chullostravelperu.com\/blog\/avistamiento-condores-colca-donde-cuando-verlos","og_site_name":"Chullos Travel Peru Blog","article_published_time":"2025-12-11T15:59:10+00:00","og_image":[{"width":1000,"height":600,"url":"https:\/\/www.chullostravelperu.com\/blog\/wp-content\/uploads\/2025\/12\/scr_53249-1.webp","type":"image\/webp"}],"author":"adminchullos","twitter_card":"summary_large_image","twitter_misc":{"Written by":"adminchullos","Est. reading time":"8 minutos"},"schema":{"@context":"https:\/\/schema.org","@graph":[{"@type":"Article","@id":"https:\/\/www.chullostravelperu.com\/blog\/avistamiento-condores-colca-donde-cuando-verlos#article","isPartOf":{"@id":"https:\/\/www.chullostravelperu.com\/blog\/avistamiento-condores-colca-donde-cuando-verlos"},"author":{"name":"adminchullos","@id":"https:\/\/www.chullostravelperu.com\/blog\/#\/schema\/person\/724a973e1e9323a788e88c16ae7bc768"},"headline":"\u00bfD\u00f3nde ver c\u00f3ndores en el Colca?","datePublished":"2025-12-11T15:59:10+00:00","mainEntityOfPage":{"@id":"https:\/\/www.chullostravelperu.com\/blog\/avistamiento-condores-colca-donde-cuando-verlos"},"wordCount":1388,"commentCount":0,"image":{"@id":"https:\/\/www.chullostravelperu.com\/blog\/avistamiento-condores-colca-donde-cuando-verlos#primaryimage"},"thumbnailUrl":"https:\/\/www.chullostravelperu.com\/blog\/wp-content\/uploads\/2025\/12\/scr_53249-1.webp","articleSection":["Blog"],"inLanguage":"es-PE","potentialAction":[{"@type":"CommentAction","name":"Comment","target":["https:\/\/www.chullostravelperu.com\/blog\/avistamiento-condores-colca-donde-cuando-verlos#respond"]}]},{"@type":"WebPage","@id":"https:\/\/www.chullostravelperu.com\/blog\/avistamiento-condores-colca-donde-cuando-verlos","url":"https:\/\/www.chullostravelperu.com\/blog\/avistamiento-condores-colca-donde-cuando-verlos","name":"Avistamiento de c\u00f3ndores en el Colca: \u00bfd\u00f3nde y cu\u00e1ndo verlos?","isPartOf":{"@id":"https:\/\/www.chullostravelperu.com\/blog\/#website"},"primaryImageOfPage":{"@id":"https:\/\/www.chullostravelperu.com\/blog\/avistamiento-condores-colca-donde-cuando-verlos#primaryimage"},"image":{"@id":"https:\/\/www.chullostravelperu.com\/blog\/avistamiento-condores-colca-donde-cuando-verlos#primaryimage"},"thumbnailUrl":"https:\/\/www.chullostravelperu.com\/blog\/wp-content\/uploads\/2025\/12\/scr_53249-1.webp","datePublished":"2025-12-11T15:59:10+00:00","author":{"@id":"https:\/\/www.chullostravelperu.com\/blog\/#\/schema\/person\/724a973e1e9323a788e88c16ae7bc768"},"description":"Descubre d\u00f3nde y cu\u00e1ndo ver c\u00f3ndores en el Ca\u00f1\u00f3n del Colca. Gu\u00eda pr\u00e1ctica con los mejores miradores, horarios y consejos para tu visita","breadcrumb":{"@id":"https:\/\/www.chullostravelperu.com\/blog\/avistamiento-condores-colca-donde-cuando-verlos#breadcrumb"},"inLanguage":"es-PE","potentialAction":[{"@type":"ReadAction","target":["https:\/\/www.chullostravelperu.com\/blog\/avistamiento-condores-colca-donde-cuando-verlos"]}]},{"@type":"ImageObject","inLanguage":"es-PE","@id":"https:\/\/www.chullostravelperu.com\/blog\/avistamiento-condores-colca-donde-cuando-verlos#primaryimage","url":"https:\/\/www.chullostravelperu.com\/blog\/wp-content\/uploads\/2025\/12\/scr_53249-1.webp","contentUrl":"https:\/\/www.chullostravelperu.com\/blog\/wp-content\/uploads\/2025\/12\/scr_53249-1.webp","width":1000,"height":600},{"@type":"BreadcrumbList","@id":"https:\/\/www.chullostravelperu.com\/blog\/avistamiento-condores-colca-donde-cuando-verlos#breadcrumb","itemListElement":[{"@type":"ListItem","position":1,"name":"Portada","item":"https:\/\/www.chullostravelperu.com\/blog\/"},{"@type":"ListItem","position":2,"name":"\u00bfD\u00f3nde ver c\u00f3ndores en el Colca?"}]},{"@type":"WebSite","@id":"https:\/\/www.chullostravelperu.com\/blog\/#website","url":"https:\/\/www.chullostravelperu.com\/blog\/","name":"Chullos Travel Peru Blog","description":"","potentialAction":[{"@type":"SearchAction","target":{"@type":"EntryPoint","urlTemplate":"https:\/\/www.chullostravelperu.com\/blog\/?s={search_term_string}"},"query-input":{"@type":"PropertyValueSpecification","valueRequired":true,"valueName":"search_term_string"}}],"inLanguage":"es-PE"},{"@type":"Person","@id":"https:\/\/www.chullostravelperu.com\/blog\/#\/schema\/person\/724a973e1e9323a788e88c16ae7bc768","name":"adminchullos","image":{"@type":"ImageObject","inLanguage":"es-PE","@id":"https:\/\/secure.gravatar.com\/avatar\/7266cd2e190f3d415c661586fdd40530e1a055ef9105c40a6c28315c2ba66c8d?s=96&d=mm&r=g","url":"https:\/\/secure.gravatar.com\/avatar\/7266cd2e190f3d415c661586fdd40530e1a055ef9105c40a6c28315c2ba66c8d?s=96&d=mm&r=g","contentUrl":"https:\/\/secure.gravatar.com\/avatar\/7266cd2e190f3d415c661586fdd40530e1a055ef9105c40a6c28315c2ba66c8d?s=96&d=mm&r=g","caption":"adminchullos"},"url":"https:\/\/www.chullostravelperu.com\/blog\/author\/adminchullos"}]}},"_links":{"self":[{"href":"https:\/\/www.chullostravelperu.com\/blog\/wp-json\/wp\/v2\/posts\/33922","targetHints":{"allow":["GET"]}}],"collection":[{"href":"https:\/\/www.chullostravelperu.com\/blog\/wp-json\/wp\/v2\/posts"}],"about":[{"href":"https:\/\/www.chullostravelperu.com\/blog\/wp-json\/wp\/v2\/types\/post"}],"author":[{"embeddable":true,"href":"https:\/\/www.chullostravelperu.com\/blog\/wp-json\/wp\/v2\/users\/2"}],"replies":[{"embeddable":true,"href":"https:\/\/www.chullostravelperu.com\/blog\/wp-json\/wp\/v2\/comments?post=33922"}],"version-history":[{"count":7,"href":"https:\/\/www.chullostravelperu.com\/blog\/wp-json\/wp\/v2\/posts\/33922\/revisions"}],"predecessor-version":[{"id":33942,"href":"https:\/\/www.chullostravelperu.com\/blog\/wp-json\/wp\/v2\/posts\/33922\/revisions\/33942"}],"wp:featuredmedia":[{"embeddable":true,"href":"https:\/\/www.chullostravelperu.com\/blog\/wp-json\/wp\/v2\/media\/33939"}],"wp:attachment":[{"href":"https:\/\/www.chullostravelperu.com\/blog\/wp-json\/wp\/v2\/media?parent=33922"}],"wp:term":[{"taxonomy":"category","embeddable":true,"href":"https:\/\/www.chullostravelperu.com\/blog\/wp-json\/wp\/v2\/categories?post=33922"},{"taxonomy":"post_tag","embeddable":true,"href":"https:\/\/www.chullostravelperu.com\/blog\/wp-json\/wp\/v2\/tags?post=33922"}],"curies":[{"name":"wp","href":"https:\/\/api.w.org\/{rel}","templated":true}]}}