{"id":36424,"date":"2026-01-16T10:27:31","date_gmt":"2026-01-16T15:27:31","guid":{"rendered":"https:\/\/www.chullostravelperu.com\/blog\/?p=36424"},"modified":"2026-01-16T10:38:26","modified_gmt":"2026-01-16T15:38:26","slug":"es-peligrosa-la-altura-en-uyuni","status":"publish","type":"post","link":"https:\/\/www.chullostravelperu.com\/blog\/es-peligrosa-la-altura-en-uyuni","title":{"rendered":"\u00bfAfecta la altura en Uyuni?"},"content":{"rendered":"<h2 style=\"text-align: center;\" data-start=\"56\" data-end=\"441\"><span style=\"color: #99ccff;\"><i class=\"fas fa-water \" ><\/i><\/span>\u00a0 \u00a0<span style=\"color: #ffcc99;\"><span style=\"color: #ff0000;\"><i class=\"far fa-frown-open \" ><\/i><\/span>\u00a0<\/span> <span style=\"color: #00ccff;\"><i class=\"fas fa-temperature-low \" ><\/i><\/span><\/h2>\n<p data-start=\"56\" data-end=\"441\">El <a href=\"https:\/\/www.chullostravelperu.com\/blog\/en\/is-altitude-in-uyuni-dangerous-complete-guide\">Salar de Uyuni<\/a> se encuentra a m\u00e1s de 3.600 metros sobre el nivel del mar, una altitud que puede afectar a quienes no est\u00e1n acostumbrados. Desde mareos y fatiga hasta dificultad para dormir, conocer c\u00f3mo responde tu cuerpo es clave para disfrutar del viaje sin contratiempos.<\/p>\n<p data-start=\"56\" data-end=\"441\"><img loading=\"lazy\" decoding=\"async\" class=\"size-full wp-image-36431 aligncenter\" src=\"https:\/\/www.chullostravelperu.com\/blog\/wp-content\/uploads\/2026\/01\/Diseno-sin-titulo-28-1.png\" alt=\"\" width=\"1000\" height=\"600\" srcset=\"https:\/\/www.chullostravelperu.com\/blog\/wp-content\/uploads\/2026\/01\/Diseno-sin-titulo-28-1.png 1000w, https:\/\/www.chullostravelperu.com\/blog\/wp-content\/uploads\/2026\/01\/Diseno-sin-titulo-28-1-768x461.png 768w\" sizes=\"auto, (max-width: 1000px) 100vw, 1000px\" \/><\/p>\n<p data-start=\"56\" data-end=\"441\"><span style=\"color: #3366ff;\"><i class=\"fas fa-hand-point-right \" ><\/i>\u00a0 <\/span>En esta gu\u00eda, exploraremos los efectos de la altura en Uyuni y c\u00f3mo prevenirlos.<\/p>\n<h2 data-start=\"56\" data-end=\"441\"><span style=\"color: #000000;\"><i class=\"fas fa-caret-square-right \" ><\/i><\/span>\u00a0 <span style=\"color: #000080;\">Que es ese mal de altura?<\/span><\/h2>\n<h2 style=\"text-align: center;\"><span style=\"color: #ff0000;\"><i class=\"far fa-question-circle \" ><\/i><\/span>\u00a0 \u00a0<span style=\"color: #ff00ff;\"><i class=\"far fa-grin-beam-sweat \" ><\/i><\/span>\u00a0 \u00a0<span style=\"color: #3366ff;\"><i class=\"fas fa-temperature-low \" ><\/i><\/span><\/h2>\n<p data-start=\"0\" data-end=\"307\">El mal de altura (tambi\u00e9n llamado soroche o mal agudo de monta\u00f1a) es un conjunto de s\u00edntomas que aparecen cuando una persona sube a lugares altos (generalmente por encima de los 2.500 metros sobre el nivel del mar) y su cuerpo no se adapta r\u00e1pidamente a la menor cantidad de ox\u00edgeno.<\/p>\n<p data-start=\"0\" data-end=\"307\"><img loading=\"lazy\" decoding=\"async\" class=\"size-full wp-image-36432 aligncenter\" src=\"https:\/\/www.chullostravelperu.com\/blog\/wp-content\/uploads\/2026\/01\/nauseas-como-sintoma-del-soroche-o-mal-de-altura_perurail_1-1.jpg\" alt=\"\" width=\"1000\" height=\"600\" srcset=\"https:\/\/www.chullostravelperu.com\/blog\/wp-content\/uploads\/2026\/01\/nauseas-como-sintoma-del-soroche-o-mal-de-altura_perurail_1-1.jpg 1000w, https:\/\/www.chullostravelperu.com\/blog\/wp-content\/uploads\/2026\/01\/nauseas-como-sintoma-del-soroche-o-mal-de-altura_perurail_1-1-768x461.jpg 768w\" sizes=\"auto, (max-width: 1000px) 100vw, 1000px\" \/><\/p>\n<h2 data-start=\"56\" data-end=\"441\"><span style=\"color: #000000;\"><i class=\"fas fa-caret-square-right \" ><\/i>\u00a0 <\/span><span style=\"color: #000080;\">\u00bfPor qu\u00e9 ocurre?<\/span><\/h2>\n<h2 style=\"text-align: center;\"><span style=\"color: #ff0000;\"><i class=\"fas fa-question-circle \" ><\/i><\/span>\u00a0 \u00a0<span style=\"color: #800000;\"><i class=\"fas fa-clipboard-list \" ><\/i><\/span><\/h2>\n<p data-start=\"87\" data-end=\"315\">A mayor altura hay menos presi\u00f3n atmosf\u00e9rica, lo que hace que cada respiraci\u00f3n tenga menos ox\u00edgeno disponible. Aunque el porcentaje de ox\u00edgeno en el aire es el mismo, entra menos ox\u00edgeno a los pulmones y a la sangre.<\/p>\n<p data-start=\"317\" data-end=\"467\">Cuando una persona asciende r\u00e1pidamente, el cuerpo <strong data-start=\"368\" data-end=\"413\">no tiene tiempo suficiente para adaptarse<\/strong>. Normalmente, el organismo necesita varios d\u00edas para:<\/p>\n<p data-start=\"470\" data-end=\"514\"><span style=\"color: #800080;\"><i class=\"fas fa-check \" ><\/i>\u00a0 <\/span>Aumentar la respiraci\u00f3n y el ritmo card\u00edaco.<\/p>\n<p data-start=\"517\" data-end=\"570\"><span style=\"color: #800080;\"><i class=\"fas fa-check \" ><\/i>\u00a0 <\/span>Producir m\u00e1s gl\u00f3bulos rojos, que transportan ox\u00edgeno.<\/p>\n<p data-start=\"573\" data-end=\"658\"><span style=\"color: #800080;\"><i class=\"fas fa-check \" ><\/i><\/span>\u00a0 Ajustar el funcionamiento del cerebro y otros \u00f3rganos a la menor cantidad de ox\u00edgeno.<\/p>\n<p data-start=\"660\" data-end=\"862\"><span style=\"color: #3366ff;\"><i class=\"fas fa-hand-point-right \" ><\/i><\/span>\u00a0 Si estos cambios no ocurren a tiempo, el cerebro y otros \u00f3rganos <strong data-start=\"725\" data-end=\"764\">reciben menos ox\u00edgeno del necesario<\/strong>, lo que provoca los s\u00edntomas del mal de altura como dolor de cabeza, mareos, n\u00e1useas y cansancio.<\/p>\n<h2 data-start=\"56\" data-end=\"441\"><span style=\"color: #000000;\"><i class=\"fas fa-caret-square-right \" ><\/i>\u00a0 <\/span><span style=\"color: #000080;\">\u00bfA quienes les afecta?<\/span><\/h2>\n<h2 style=\"text-align: center;\"><span style=\"color: #ff0000;\"><i class=\"fas fa-question-circle \" ><\/i><\/span>\u00a0 <span style=\"color: #ffcc99;\"><i class=\"fas fa-child \" ><\/i><\/span><\/h2>\n<p data-start=\"218\" data-end=\"539\">El Salar de Uyuni, ubicado en Bolivia, se encuentra a <strong data-start=\"272\" data-end=\"311\">3.656 metros sobre el nivel del mar<\/strong>. Esta altitud puede provocar lo que se conoce como <strong data-start=\"363\" data-end=\"390\">mal de altura o soroche<\/strong>, especialmente en personas no acostumbradas a grandes alturas. Conocer los s\u00edntomas, riesgos y formas de adaptarse es clave para disfrutar tu viaje y prevenir el mal de altura en Uyuni.<\/p>\n<p data-start=\"218\" data-end=\"539\"><img loading=\"lazy\" decoding=\"async\" class=\"size-full wp-image-36438 aligncenter\" src=\"https:\/\/www.chullostravelperu.com\/blog\/wp-content\/uploads\/2026\/01\/salardeuyunihowtonotvisit-1-1.jpg\" alt=\"\" width=\"1000\" height=\"600\" srcset=\"https:\/\/www.chullostravelperu.com\/blog\/wp-content\/uploads\/2026\/01\/salardeuyunihowtonotvisit-1-1.jpg 1000w, https:\/\/www.chullostravelperu.com\/blog\/wp-content\/uploads\/2026\/01\/salardeuyunihowtonotvisit-1-1-768x461.jpg 768w\" sizes=\"auto, (max-width: 1000px) 100vw, 1000px\" \/><\/p>\n<hr data-start=\"541\" data-end=\"544\" \/>\n<h2 data-start=\"56\" data-end=\"441\"><span style=\"color: #000000;\"><i class=\"fas fa-caret-square-right \" ><\/i>\u00a0 <\/span><span style=\"color: #000080;\">Efectos de la altitud en Uyuni<\/span><\/h2>\n<h2 style=\"text-align: center;\"><span style=\"color: #800000;\"><i class=\"fas fa-clipboard-list \" ><\/i><\/span>\u00a0 <span style=\"color: #000000;\"><i class=\"far fa-frown \" ><\/i><\/span><\/h2>\n<p data-start=\"585\" data-end=\"727\">A medida que subes de altitud, el <strong data-start=\"619\" data-end=\"651\">ox\u00edgeno en el aire disminuye<\/strong>, lo que puede afectar tu cuerpo. Entre los efectos m\u00e1s comunes se incluyen:<\/p>\n<p data-start=\"731\" data-end=\"821\"><strong data-start=\"731\" data-end=\"753\"><span style=\"color: #800080;\"><i class=\"fas fa-check \" ><\/i>\u00a0 <\/span>Fatiga y debilidad<\/strong>: Sentirse m\u00e1s cansado de lo habitual, incluso con poca actividad.<\/p>\n<p data-start=\"824\" data-end=\"900\"><strong data-start=\"824\" data-end=\"843\"><span style=\"color: #800080;\"><i class=\"fas fa-check \" ><\/i>\u00a0 <\/span>Dolor de cabeza<\/strong>: Uno de los s\u00edntomas m\u00e1s frecuentes del mal de altura.<\/p>\n<p data-start=\"903\" data-end=\"998\"><strong data-start=\"903\" data-end=\"923\"><span style=\"color: #800080;\"><i class=\"fas fa-check \" ><\/i>\u00a0 <\/span>Mareos o v\u00e9rtigo<\/strong>: La sensaci\u00f3n de desequilibrio puede aparecer durante los primeros d\u00edas.<\/p>\n<p data-start=\"1001\" data-end=\"1103\"><strong data-start=\"1001\" data-end=\"1033\"><span style=\"color: #800080;\"><i class=\"fas fa-check \" ><\/i>\u00a0 <\/span>N\u00e1useas y p\u00e9rdida de apetito<\/strong>: Comer puede resultar menos apetitoso mientras el cuerpo se adapta.<\/p>\n<p data-start=\"1106\" data-end=\"1194\"><strong data-start=\"1106\" data-end=\"1132\"><span style=\"color: #800080;\"><i class=\"fas fa-check \" ><\/i>\u00a0 <\/span>Dificultad para dormir<\/strong>: Es com\u00fan tener sue\u00f1o interrumpido o respiraci\u00f3n irregular.<\/p>\n<p><img loading=\"lazy\" decoding=\"async\" class=\"size-full wp-image-36433 aligncenter\" src=\"https:\/\/www.chullostravelperu.com\/blog\/wp-content\/uploads\/2026\/01\/GettyImages-1408008988-2-1.jpg\" alt=\"\" width=\"1000\" height=\"600\" srcset=\"https:\/\/www.chullostravelperu.com\/blog\/wp-content\/uploads\/2026\/01\/GettyImages-1408008988-2-1.jpg 1000w, https:\/\/www.chullostravelperu.com\/blog\/wp-content\/uploads\/2026\/01\/GettyImages-1408008988-2-1-768x461.jpg 768w\" sizes=\"auto, (max-width: 1000px) 100vw, 1000px\" \/><\/p>\n<hr data-start=\"1196\" data-end=\"1199\" \/>\n<h2 data-start=\"56\" data-end=\"441\"><span style=\"color: #000000;\"><i class=\"fas fa-caret-square-right \" ><\/i>\u00a0 <\/span><span style=\"color: #000080;\">Factores que aumentan el riesgo<\/span><\/h2>\n<h2 style=\"text-align: center;\" data-start=\"56\" data-end=\"441\"><span style=\"color: #000080;\"><span style=\"color: #800000;\"><i class=\"fas fa-clipboard-list \" ><\/i>\u00a0 <span style=\"color: #800080;\"><i class=\"fas fa-heartbeat \" ><\/i><\/span><\/span><\/span><\/h2>\n<p data-start=\"1241\" data-end=\"1339\">No todos reaccionan igual a la altura. Algunos factores que pueden incrementar el riesgo incluyen:<\/p>\n<p data-start=\"1343\" data-end=\"1396\"><span style=\"color: #800080;\"><i class=\"fas fa-check \" ><\/i>\u00a0 <\/span>Ascender demasiado r\u00e1pido sin tiempo de adaptaci\u00f3n.<\/p>\n<p data-start=\"1399\" data-end=\"1441\"><span style=\"color: #800080;\"><i class=\"fas fa-check \" ><\/i>\u00a0 <\/span>Estr\u00e9s, falta de sue\u00f1o o deshidrataci\u00f3n.<\/p>\n<p data-start=\"1444\" data-end=\"1521\"><span style=\"color: #800080;\"><i class=\"fas fa-check \" ><\/i>\u00a0 <\/span>Problemas de salud previos, como hipertensi\u00f3n o enfermedades respiratorias.<\/p>\n<hr data-start=\"1523\" data-end=\"1526\" \/>\n<h2 data-start=\"56\" data-end=\"441\"><span style=\"color: #000000;\"><i class=\"fas fa-caret-square-right \" ><\/i>\u00a0 <\/span><span style=\"color: #000080;\">C\u00f3mo adaptarse a la altitud\u00a0 \u00a0<\/span><\/h2>\n<h2 style=\"text-align: center;\" data-start=\"56\" data-end=\"441\"><span style=\"color: #000080;\"><span style=\"color: #800000;\"><i class=\"fas fa-clipboard-list \" ><\/i>\u00a0\u00a0 <span style=\"color: #00ff00;\"><i class=\"far fa-heart \" ><\/i><\/span><\/span><\/span><\/h2>\n<p data-start=\"1564\" data-end=\"1634\">Existen varias estrategias para reducir los efectos del mal de altura:<\/p>\n<p data-start=\"1638\" data-end=\"1747\"><strong data-start=\"1638\" data-end=\"1663\"><span style=\"color: #800080;\"><i class=\"fas fa-check \" ><\/i>\u00a0 <\/span>Ascender gradualmente<\/strong>: Si es posible, pasar unos d\u00edas en altitudes intermedias antes de llegar a Uyuni.<\/p>\n<p data-start=\"1750\" data-end=\"1833\"><strong data-start=\"1750\" data-end=\"1774\"><span style=\"color: #800080;\"><i class=\"fas fa-check \" ><\/i>\u00a0 <\/span>Mantenerse hidratado<\/strong>: Beber suficiente agua ayuda a la adaptaci\u00f3n del cuerpo.<\/p>\n<p data-start=\"1836\" data-end=\"1923\"><strong data-start=\"1836\" data-end=\"1864\"><span style=\"color: #800080;\"><i class=\"fas fa-check \" ><\/i>\u00a0 <\/span>Comer ligero y nutritivo<\/strong>: Evitar comidas pesadas y alcoh\u00f3licas los primeros d\u00edas.<\/p>\n<p data-start=\"1926\" data-end=\"2002\"><strong data-start=\"1926\" data-end=\"1939\"><span style=\"color: #800080;\"><i class=\"fas fa-check \" ><\/i>\u00a0 <\/span>Descansar<\/strong>: Dormir bien y evitar esfuerzos f\u00edsicos excesivos al inicio.<\/p>\n<p data-start=\"2005\" data-end=\"2108\"><strong data-start=\"2005\" data-end=\"2042\"><span style=\"color: #800080;\"><i class=\"fas fa-check \" ><\/i>\u00a0 <\/span>Chupar hojas de coca o t\u00e9 de coca<\/strong>: Tradicionalmente usado en Bolivia para aliviar s\u00edntomas leves.<\/p>\n<p data-start=\"2111\" data-end=\"2235\"><strong data-start=\"2111\" data-end=\"2136\"><span style=\"color: #800080;\"><i class=\"fas fa-check \" ><\/i>\u00a0 <\/span>Consultar a un m\u00e9dico<\/strong>: Para personas con condiciones m\u00e9dicas, se recomienda hablar con un profesional antes del viaje.<\/p>\n<p><img loading=\"lazy\" decoding=\"async\" class=\"size-full wp-image-36434 aligncenter\" src=\"https:\/\/www.chullostravelperu.com\/blog\/wp-content\/uploads\/2026\/01\/te-de-coca-en-peru-2-1.jpg\" alt=\"\" width=\"1000\" height=\"600\" srcset=\"https:\/\/www.chullostravelperu.com\/blog\/wp-content\/uploads\/2026\/01\/te-de-coca-en-peru-2-1.jpg 1000w, https:\/\/www.chullostravelperu.com\/blog\/wp-content\/uploads\/2026\/01\/te-de-coca-en-peru-2-1-768x461.jpg 768w\" sizes=\"auto, (max-width: 1000px) 100vw, 1000px\" \/><\/p>\n<hr data-start=\"2237\" data-end=\"2240\" \/>\n<h2 data-start=\"56\" data-end=\"441\"><span style=\"color: #000000;\"><i class=\"fas fa-caret-square-right \" ><\/i>\u00a0 <\/span><span style=\"color: #000080;\">Cu\u00e1ndo buscar ayuda m\u00e9dica<\/span><\/h2>\n<h2 style=\"text-align: center;\"><span style=\"color: #ff99cc;\"><i class=\"fas fa-hand-holding-medical \" ><\/i><\/span>\u00a0 \u00a0<span style=\"color: #008000;\"><i class=\"fas fa-capsules \" ><\/i><\/span><\/h2>\n<p data-start=\"2242\" data-end=\"2275\">Si los s\u00edntomas se vuelven muy intensos, como dificultad extrema para respirar, confusi\u00f3n, hinchaz\u00f3n o mareos severos, es fundamental buscar atenci\u00f3n m\u00e9dica de inmediato, ya que podr\u00eda tratarse de un caso grave de mal de altura que requiere atenci\u00f3n urgente.<\/p>\n<p data-start=\"2242\" data-end=\"2275\"><img loading=\"lazy\" decoding=\"async\" class=\"size-full wp-image-36435 aligncenter\" src=\"https:\/\/www.chullostravelperu.com\/blog\/wp-content\/uploads\/2026\/01\/como-prevenir-el-mal-de-altura-en-cusco-paso-de-montana-2-1.jpg\" alt=\"\" width=\"1000\" height=\"600\" srcset=\"https:\/\/www.chullostravelperu.com\/blog\/wp-content\/uploads\/2026\/01\/como-prevenir-el-mal-de-altura-en-cusco-paso-de-montana-2-1.jpg 1000w, https:\/\/www.chullostravelperu.com\/blog\/wp-content\/uploads\/2026\/01\/como-prevenir-el-mal-de-altura-en-cusco-paso-de-montana-2-1-768x461.jpg 768w\" sizes=\"auto, (max-width: 1000px) 100vw, 1000px\" \/><\/p>\n<hr data-start=\"2509\" data-end=\"2512\" \/>\n<h2 data-start=\"56\" data-end=\"441\"><span style=\"color: #000000;\"><i class=\"fas fa-caret-square-right \" ><\/i>\u00a0\u00a0<\/span><span style=\"color: #000080;\">Disfrutando Uyuni sin problemas\u00a0 <span style=\"color: #339966;\"><i class=\"fas fa-check-double \" ><\/i><\/span><\/span><\/h2>\n<p data-start=\"2554\" data-end=\"2777\">Con las precauciones adecuadas, la mayor\u00eda de los viajeros se adapta en <strong data-start=\"2626\" data-end=\"2638\">1\u20132 d\u00edas<\/strong> y puede disfrutar plenamente del espect\u00e1culo del salar m\u00e1s grande del mundo, sus paisajes \u00fanicos y la experiencia cultural de la regi\u00f3n.<\/p>\n<p data-start=\"2554\" data-end=\"2777\"><img loading=\"lazy\" decoding=\"async\" class=\"size-full wp-image-36436 aligncenter\" src=\"https:\/\/www.chullostravelperu.com\/blog\/wp-content\/uploads\/2026\/01\/salar-de-uyuni-3-dias-san-pedro-de-atacama-a-uyuni-id209-2-es-3.jpg\" alt=\"\" width=\"1000\" height=\"600\" srcset=\"https:\/\/www.chullostravelperu.com\/blog\/wp-content\/uploads\/2026\/01\/salar-de-uyuni-3-dias-san-pedro-de-atacama-a-uyuni-id209-2-es-3.jpg 1000w, https:\/\/www.chullostravelperu.com\/blog\/wp-content\/uploads\/2026\/01\/salar-de-uyuni-3-dias-san-pedro-de-atacama-a-uyuni-id209-2-es-3-768x461.jpg 768w\" sizes=\"auto, (max-width: 1000px) 100vw, 1000px\" \/><\/p>\n","protected":false},"excerpt":{"rendered":"<p>\u00a0 \u00a0\u00a0 El Salar de Uyuni se encuentra a m\u00e1s de 3.600 metros sobre el nivel del mar, una altitud que puede afectar a quienes no est\u00e1n acostumbrados. Desde mareos y fatiga hasta dificultad para dormir, conocer c\u00f3mo responde tu cuerpo es clave para disfrutar del viaje sin contratiempos. \u00a0 En esta gu\u00eda, exploraremos los [&hellip;]<\/p>\n","protected":false},"author":2,"featured_media":36431,"comment_status":"open","ping_status":"open","sticky":false,"template":"","format":"standard","meta":{"footnotes":""},"categories":[11],"tags":[],"class_list":["post-36424","post","type-post","status-publish","format-standard","has-post-thumbnail","hentry","category-blog"],"acf":[],"yoast_head":"<!-- This site is optimized with the Yoast SEO plugin v27.5 - https:\/\/yoast.com\/product\/yoast-seo-wordpress\/ -->\n<title>\u00bfEs peligrosa la altura en Uyuni? Gu\u00eda completa para visitantes<\/title>\n<meta name=\"description\" content=\"\u00bfEs peligrosa la altura en Uyuni? Descubre c\u00f3mo afecta la altitud a los visitantes, s\u00edntomas del mal de altura y consejos para prevenirlo.\" \/>\n<meta name=\"robots\" content=\"index, follow, max-snippet:-1, max-image-preview:large, max-video-preview:-1\" \/>\n<link rel=\"canonical\" href=\"https:\/\/www.chullostravelperu.com\/blog\/es-peligrosa-la-altura-en-uyuni\" \/>\n<meta property=\"og:locale\" content=\"es_ES\" \/>\n<meta property=\"og:type\" content=\"article\" \/>\n<meta property=\"og:title\" content=\"\u00bfEs peligrosa la altura en Uyuni? Gu\u00eda completa para visitantes\" \/>\n<meta property=\"og:description\" content=\"\u00bfEs peligrosa la altura en Uyuni? Descubre c\u00f3mo afecta la altitud a los visitantes, s\u00edntomas del mal de altura y consejos para prevenirlo.\" \/>\n<meta property=\"og:url\" content=\"https:\/\/www.chullostravelperu.com\/blog\/es-peligrosa-la-altura-en-uyuni\" \/>\n<meta property=\"og:site_name\" content=\"Chullos Travel Peru Blog\" \/>\n<meta property=\"article:published_time\" content=\"2026-01-16T15:27:31+00:00\" \/>\n<meta property=\"article:modified_time\" content=\"2026-01-16T15:38:26+00:00\" \/>\n<meta property=\"og:image\" content=\"https:\/\/www.chullostravelperu.com\/blog\/wp-content\/uploads\/2026\/01\/Diseno-sin-titulo-28-1.png\" \/>\n\t<meta property=\"og:image:width\" content=\"1000\" \/>\n\t<meta property=\"og:image:height\" content=\"600\" \/>\n\t<meta property=\"og:image:type\" content=\"image\/png\" \/>\n<meta name=\"author\" content=\"adminchullos\" \/>\n<meta name=\"twitter:card\" content=\"summary_large_image\" \/>\n<meta name=\"twitter:label1\" content=\"Written by\" \/>\n\t<meta name=\"twitter:data1\" content=\"adminchullos\" \/>\n\t<meta name=\"twitter:label2\" content=\"Est. reading time\" \/>\n\t<meta name=\"twitter:data2\" content=\"6 minutos\" \/>\n<script type=\"application\/ld+json\" class=\"yoast-schema-graph\">{\"@context\":\"https:\\\/\\\/schema.org\",\"@graph\":[{\"@type\":\"Article\",\"@id\":\"https:\\\/\\\/www.chullostravelperu.com\\\/blog\\\/es-peligrosa-la-altura-en-uyuni#article\",\"isPartOf\":{\"@id\":\"https:\\\/\\\/www.chullostravelperu.com\\\/blog\\\/es-peligrosa-la-altura-en-uyuni\"},\"author\":{\"name\":\"adminchullos\",\"@id\":\"https:\\\/\\\/www.chullostravelperu.com\\\/blog\\\/#\\\/schema\\\/person\\\/724a973e1e9323a788e88c16ae7bc768\"},\"headline\":\"\u00bfAfecta la altura en Uyuni?\",\"datePublished\":\"2026-01-16T15:27:31+00:00\",\"dateModified\":\"2026-01-16T15:38:26+00:00\",\"mainEntityOfPage\":{\"@id\":\"https:\\\/\\\/www.chullostravelperu.com\\\/blog\\\/es-peligrosa-la-altura-en-uyuni\"},\"wordCount\":1066,\"commentCount\":0,\"image\":{\"@id\":\"https:\\\/\\\/www.chullostravelperu.com\\\/blog\\\/es-peligrosa-la-altura-en-uyuni#primaryimage\"},\"thumbnailUrl\":\"https:\\\/\\\/www.chullostravelperu.com\\\/blog\\\/wp-content\\\/uploads\\\/2026\\\/01\\\/Diseno-sin-titulo-28-1.png\",\"articleSection\":[\"Blog\"],\"inLanguage\":\"es-PE\",\"potentialAction\":[{\"@type\":\"CommentAction\",\"name\":\"Comment\",\"target\":[\"https:\\\/\\\/www.chullostravelperu.com\\\/blog\\\/es-peligrosa-la-altura-en-uyuni#respond\"]}]},{\"@type\":\"WebPage\",\"@id\":\"https:\\\/\\\/www.chullostravelperu.com\\\/blog\\\/es-peligrosa-la-altura-en-uyuni\",\"url\":\"https:\\\/\\\/www.chullostravelperu.com\\\/blog\\\/es-peligrosa-la-altura-en-uyuni\",\"name\":\"\u00bfEs peligrosa la altura en Uyuni? Gu\u00eda completa para visitantes\",\"isPartOf\":{\"@id\":\"https:\\\/\\\/www.chullostravelperu.com\\\/blog\\\/#website\"},\"primaryImageOfPage\":{\"@id\":\"https:\\\/\\\/www.chullostravelperu.com\\\/blog\\\/es-peligrosa-la-altura-en-uyuni#primaryimage\"},\"image\":{\"@id\":\"https:\\\/\\\/www.chullostravelperu.com\\\/blog\\\/es-peligrosa-la-altura-en-uyuni#primaryimage\"},\"thumbnailUrl\":\"https:\\\/\\\/www.chullostravelperu.com\\\/blog\\\/wp-content\\\/uploads\\\/2026\\\/01\\\/Diseno-sin-titulo-28-1.png\",\"datePublished\":\"2026-01-16T15:27:31+00:00\",\"dateModified\":\"2026-01-16T15:38:26+00:00\",\"author\":{\"@id\":\"https:\\\/\\\/www.chullostravelperu.com\\\/blog\\\/#\\\/schema\\\/person\\\/724a973e1e9323a788e88c16ae7bc768\"},\"description\":\"\u00bfEs peligrosa la altura en Uyuni? Descubre c\u00f3mo afecta la altitud a los visitantes, s\u00edntomas del mal de altura y consejos para prevenirlo.\",\"breadcrumb\":{\"@id\":\"https:\\\/\\\/www.chullostravelperu.com\\\/blog\\\/es-peligrosa-la-altura-en-uyuni#breadcrumb\"},\"inLanguage\":\"es-PE\",\"potentialAction\":[{\"@type\":\"ReadAction\",\"target\":[\"https:\\\/\\\/www.chullostravelperu.com\\\/blog\\\/es-peligrosa-la-altura-en-uyuni\"]}]},{\"@type\":\"ImageObject\",\"inLanguage\":\"es-PE\",\"@id\":\"https:\\\/\\\/www.chullostravelperu.com\\\/blog\\\/es-peligrosa-la-altura-en-uyuni#primaryimage\",\"url\":\"https:\\\/\\\/www.chullostravelperu.com\\\/blog\\\/wp-content\\\/uploads\\\/2026\\\/01\\\/Diseno-sin-titulo-28-1.png\",\"contentUrl\":\"https:\\\/\\\/www.chullostravelperu.com\\\/blog\\\/wp-content\\\/uploads\\\/2026\\\/01\\\/Diseno-sin-titulo-28-1.png\",\"width\":1000,\"height\":600},{\"@type\":\"BreadcrumbList\",\"@id\":\"https:\\\/\\\/www.chullostravelperu.com\\\/blog\\\/es-peligrosa-la-altura-en-uyuni#breadcrumb\",\"itemListElement\":[{\"@type\":\"ListItem\",\"position\":1,\"name\":\"Portada\",\"item\":\"https:\\\/\\\/www.chullostravelperu.com\\\/blog\\\/\"},{\"@type\":\"ListItem\",\"position\":2,\"name\":\"\u00bfAfecta la altura en Uyuni?\"}]},{\"@type\":\"WebSite\",\"@id\":\"https:\\\/\\\/www.chullostravelperu.com\\\/blog\\\/#website\",\"url\":\"https:\\\/\\\/www.chullostravelperu.com\\\/blog\\\/\",\"name\":\"Chullos Travel Peru Blog\",\"description\":\"\",\"potentialAction\":[{\"@type\":\"SearchAction\",\"target\":{\"@type\":\"EntryPoint\",\"urlTemplate\":\"https:\\\/\\\/www.chullostravelperu.com\\\/blog\\\/?s={search_term_string}\"},\"query-input\":{\"@type\":\"PropertyValueSpecification\",\"valueRequired\":true,\"valueName\":\"search_term_string\"}}],\"inLanguage\":\"es-PE\"},{\"@type\":\"Person\",\"@id\":\"https:\\\/\\\/www.chullostravelperu.com\\\/blog\\\/#\\\/schema\\\/person\\\/724a973e1e9323a788e88c16ae7bc768\",\"name\":\"adminchullos\",\"image\":{\"@type\":\"ImageObject\",\"inLanguage\":\"es-PE\",\"@id\":\"https:\\\/\\\/secure.gravatar.com\\\/avatar\\\/7266cd2e190f3d415c661586fdd40530e1a055ef9105c40a6c28315c2ba66c8d?s=96&d=mm&r=g\",\"url\":\"https:\\\/\\\/secure.gravatar.com\\\/avatar\\\/7266cd2e190f3d415c661586fdd40530e1a055ef9105c40a6c28315c2ba66c8d?s=96&d=mm&r=g\",\"contentUrl\":\"https:\\\/\\\/secure.gravatar.com\\\/avatar\\\/7266cd2e190f3d415c661586fdd40530e1a055ef9105c40a6c28315c2ba66c8d?s=96&d=mm&r=g\",\"caption\":\"adminchullos\"},\"url\":\"https:\\\/\\\/www.chullostravelperu.com\\\/blog\\\/author\\\/adminchullos\"}]}<\/script>\n<!-- \/ Yoast SEO plugin. -->","yoast_head_json":{"title":"\u00bfEs peligrosa la altura en Uyuni? Gu\u00eda completa para visitantes","description":"\u00bfEs peligrosa la altura en Uyuni? Descubre c\u00f3mo afecta la altitud a los visitantes, s\u00edntomas del mal de altura y consejos para prevenirlo.","robots":{"index":"index","follow":"follow","max-snippet":"max-snippet:-1","max-image-preview":"max-image-preview:large","max-video-preview":"max-video-preview:-1"},"canonical":"https:\/\/www.chullostravelperu.com\/blog\/es-peligrosa-la-altura-en-uyuni","og_locale":"es_ES","og_type":"article","og_title":"\u00bfEs peligrosa la altura en Uyuni? Gu\u00eda completa para visitantes","og_description":"\u00bfEs peligrosa la altura en Uyuni? Descubre c\u00f3mo afecta la altitud a los visitantes, s\u00edntomas del mal de altura y consejos para prevenirlo.","og_url":"https:\/\/www.chullostravelperu.com\/blog\/es-peligrosa-la-altura-en-uyuni","og_site_name":"Chullos Travel Peru Blog","article_published_time":"2026-01-16T15:27:31+00:00","article_modified_time":"2026-01-16T15:38:26+00:00","og_image":[{"width":1000,"height":600,"url":"https:\/\/www.chullostravelperu.com\/blog\/wp-content\/uploads\/2026\/01\/Diseno-sin-titulo-28-1.png","type":"image\/png"}],"author":"adminchullos","twitter_card":"summary_large_image","twitter_misc":{"Written by":"adminchullos","Est. reading time":"6 minutos"},"schema":{"@context":"https:\/\/schema.org","@graph":[{"@type":"Article","@id":"https:\/\/www.chullostravelperu.com\/blog\/es-peligrosa-la-altura-en-uyuni#article","isPartOf":{"@id":"https:\/\/www.chullostravelperu.com\/blog\/es-peligrosa-la-altura-en-uyuni"},"author":{"name":"adminchullos","@id":"https:\/\/www.chullostravelperu.com\/blog\/#\/schema\/person\/724a973e1e9323a788e88c16ae7bc768"},"headline":"\u00bfAfecta la altura en Uyuni?","datePublished":"2026-01-16T15:27:31+00:00","dateModified":"2026-01-16T15:38:26+00:00","mainEntityOfPage":{"@id":"https:\/\/www.chullostravelperu.com\/blog\/es-peligrosa-la-altura-en-uyuni"},"wordCount":1066,"commentCount":0,"image":{"@id":"https:\/\/www.chullostravelperu.com\/blog\/es-peligrosa-la-altura-en-uyuni#primaryimage"},"thumbnailUrl":"https:\/\/www.chullostravelperu.com\/blog\/wp-content\/uploads\/2026\/01\/Diseno-sin-titulo-28-1.png","articleSection":["Blog"],"inLanguage":"es-PE","potentialAction":[{"@type":"CommentAction","name":"Comment","target":["https:\/\/www.chullostravelperu.com\/blog\/es-peligrosa-la-altura-en-uyuni#respond"]}]},{"@type":"WebPage","@id":"https:\/\/www.chullostravelperu.com\/blog\/es-peligrosa-la-altura-en-uyuni","url":"https:\/\/www.chullostravelperu.com\/blog\/es-peligrosa-la-altura-en-uyuni","name":"\u00bfEs peligrosa la altura en Uyuni? Gu\u00eda completa para visitantes","isPartOf":{"@id":"https:\/\/www.chullostravelperu.com\/blog\/#website"},"primaryImageOfPage":{"@id":"https:\/\/www.chullostravelperu.com\/blog\/es-peligrosa-la-altura-en-uyuni#primaryimage"},"image":{"@id":"https:\/\/www.chullostravelperu.com\/blog\/es-peligrosa-la-altura-en-uyuni#primaryimage"},"thumbnailUrl":"https:\/\/www.chullostravelperu.com\/blog\/wp-content\/uploads\/2026\/01\/Diseno-sin-titulo-28-1.png","datePublished":"2026-01-16T15:27:31+00:00","dateModified":"2026-01-16T15:38:26+00:00","author":{"@id":"https:\/\/www.chullostravelperu.com\/blog\/#\/schema\/person\/724a973e1e9323a788e88c16ae7bc768"},"description":"\u00bfEs peligrosa la altura en Uyuni? Descubre c\u00f3mo afecta la altitud a los visitantes, s\u00edntomas del mal de altura y consejos para prevenirlo.","breadcrumb":{"@id":"https:\/\/www.chullostravelperu.com\/blog\/es-peligrosa-la-altura-en-uyuni#breadcrumb"},"inLanguage":"es-PE","potentialAction":[{"@type":"ReadAction","target":["https:\/\/www.chullostravelperu.com\/blog\/es-peligrosa-la-altura-en-uyuni"]}]},{"@type":"ImageObject","inLanguage":"es-PE","@id":"https:\/\/www.chullostravelperu.com\/blog\/es-peligrosa-la-altura-en-uyuni#primaryimage","url":"https:\/\/www.chullostravelperu.com\/blog\/wp-content\/uploads\/2026\/01\/Diseno-sin-titulo-28-1.png","contentUrl":"https:\/\/www.chullostravelperu.com\/blog\/wp-content\/uploads\/2026\/01\/Diseno-sin-titulo-28-1.png","width":1000,"height":600},{"@type":"BreadcrumbList","@id":"https:\/\/www.chullostravelperu.com\/blog\/es-peligrosa-la-altura-en-uyuni#breadcrumb","itemListElement":[{"@type":"ListItem","position":1,"name":"Portada","item":"https:\/\/www.chullostravelperu.com\/blog\/"},{"@type":"ListItem","position":2,"name":"\u00bfAfecta la altura en Uyuni?"}]},{"@type":"WebSite","@id":"https:\/\/www.chullostravelperu.com\/blog\/#website","url":"https:\/\/www.chullostravelperu.com\/blog\/","name":"Chullos Travel Peru Blog","description":"","potentialAction":[{"@type":"SearchAction","target":{"@type":"EntryPoint","urlTemplate":"https:\/\/www.chullostravelperu.com\/blog\/?s={search_term_string}"},"query-input":{"@type":"PropertyValueSpecification","valueRequired":true,"valueName":"search_term_string"}}],"inLanguage":"es-PE"},{"@type":"Person","@id":"https:\/\/www.chullostravelperu.com\/blog\/#\/schema\/person\/724a973e1e9323a788e88c16ae7bc768","name":"adminchullos","image":{"@type":"ImageObject","inLanguage":"es-PE","@id":"https:\/\/secure.gravatar.com\/avatar\/7266cd2e190f3d415c661586fdd40530e1a055ef9105c40a6c28315c2ba66c8d?s=96&d=mm&r=g","url":"https:\/\/secure.gravatar.com\/avatar\/7266cd2e190f3d415c661586fdd40530e1a055ef9105c40a6c28315c2ba66c8d?s=96&d=mm&r=g","contentUrl":"https:\/\/secure.gravatar.com\/avatar\/7266cd2e190f3d415c661586fdd40530e1a055ef9105c40a6c28315c2ba66c8d?s=96&d=mm&r=g","caption":"adminchullos"},"url":"https:\/\/www.chullostravelperu.com\/blog\/author\/adminchullos"}]}},"_links":{"self":[{"href":"https:\/\/www.chullostravelperu.com\/blog\/wp-json\/wp\/v2\/posts\/36424","targetHints":{"allow":["GET"]}}],"collection":[{"href":"https:\/\/www.chullostravelperu.com\/blog\/wp-json\/wp\/v2\/posts"}],"about":[{"href":"https:\/\/www.chullostravelperu.com\/blog\/wp-json\/wp\/v2\/types\/post"}],"author":[{"embeddable":true,"href":"https:\/\/www.chullostravelperu.com\/blog\/wp-json\/wp\/v2\/users\/2"}],"replies":[{"embeddable":true,"href":"https:\/\/www.chullostravelperu.com\/blog\/wp-json\/wp\/v2\/comments?post=36424"}],"version-history":[{"count":9,"href":"https:\/\/www.chullostravelperu.com\/blog\/wp-json\/wp\/v2\/posts\/36424\/revisions"}],"predecessor-version":[{"id":36450,"href":"https:\/\/www.chullostravelperu.com\/blog\/wp-json\/wp\/v2\/posts\/36424\/revisions\/36450"}],"wp:featuredmedia":[{"embeddable":true,"href":"https:\/\/www.chullostravelperu.com\/blog\/wp-json\/wp\/v2\/media\/36431"}],"wp:attachment":[{"href":"https:\/\/www.chullostravelperu.com\/blog\/wp-json\/wp\/v2\/media?parent=36424"}],"wp:term":[{"taxonomy":"category","embeddable":true,"href":"https:\/\/www.chullostravelperu.com\/blog\/wp-json\/wp\/v2\/categories?post=36424"},{"taxonomy":"post_tag","embeddable":true,"href":"https:\/\/www.chullostravelperu.com\/blog\/wp-json\/wp\/v2\/tags?post=36424"}],"curies":[{"name":"wp","href":"https:\/\/api.w.org\/{rel}","templated":true}]}}