{"id":6751,"date":"2023-03-08T12:19:27","date_gmt":"2023-03-08T17:19:27","guid":{"rendered":"http:\/\/localhost\/blogchullos\/?p=6751"},"modified":"2023-03-08T12:19:27","modified_gmt":"2023-03-08T17:19:27","slug":"parque-de-la-papa-en-pisac","status":"publish","type":"post","link":"https:\/\/www.chullostravelperu.com\/blog\/parque-de-la-papa-en-pisac","title":{"rendered":"Parque de la Papa en Pisac"},"content":{"rendered":"<h1 style=\"text-align: center;\">Parque de la Papa en Pisac<\/h1>\n<p><img loading=\"lazy\" decoding=\"async\" class=\"size-full wp-image-16859 aligncenter\" src=\"http:\/\/localhost\/chullostravelperublog\/wp-content\/uploads\/2023\/03\/Parque-de-la-papa.jpg\" alt=\"\" width=\"1000\" height=\"600\" srcset=\"https:\/\/www.chullostravelperu.com\/blog\/wp-content\/uploads\/2023\/03\/Parque-de-la-papa.jpg 1000w, https:\/\/www.chullostravelperu.com\/blog\/wp-content\/uploads\/2023\/03\/Parque-de-la-papa-300x180.jpg 300w, https:\/\/www.chullostravelperu.com\/blog\/wp-content\/uploads\/2023\/03\/Parque-de-la-papa-768x461.jpg 768w\" sizes=\"auto, (max-width: 1000px) 100vw, 1000px\" \/><\/p>\n<p>Se encuentra ubicado en el <a href=\"http:\/\/localhost\/blogchullos\/tour-cusco\/\">Valle Sagrado<\/a> de los incas, abarca un promedio de\u00a0 12,000 hect\u00e1reas de tierras andinas donde los residentes locales administran y conservan uno de sus recursos agr\u00edcolas m\u00e1s importantes. En el parque de la papa es una de las experiencias mas exitosas de innovaci\u00f3n en gesti\u00f3n medioambiental y empoderamiento de poblaciones ind\u00edgenas realizadas en el Per\u00fa, un territorio biocultural dedicado a la conservaci\u00f3n del patrimonio cultural de las comunidades quechuas quienes unieron fuerzas en el proyecto de conservaci\u00f3n con el objetivo de erradicar el hambre, promover la igualdad de g\u00e9nero y asegurar la sostenibilidad ambiental. Cultivan mas de\u00a0 1300 variedades de papas, muchas de ellas end\u00e9micas de la regi\u00f3n y estos son almacenados en un banco de semilla de la comunidad.<\/p>\n<p>Es administrado por las cinco comunidades ind\u00edgenas de <a href=\"https:\/\/www.deperu.com\/centros-poblados\/amaru-39927\">Amaru<\/a>, Chawaytire, Pampallacta, Paru Paru y Sacaca, con el apoyo de la Asociaci\u00f3n para la Naturaleza y el Desarrollo Sostenible.<\/p>\n<h2><strong>Ritual del Papa Watay<\/strong><\/h2>\n<p>Los pobladores mantienen vigente las costumbres ancestrales, cada a\u00f1o se realiza el ritual del Papa Watay\u00a0 en honor a la papa, ya que los pobladores viven muy agradecidos con la Pachamama.<\/p>\n<p>La ceremonia central en honor a la papa en este lugar, es conocido como el Papa Watay. Una ceremonia que gira en torno a \u201catar la papa\u201d con el fin de tener una buena cosecha. La fecha exacta de este ritual. puede variar seg\u00fan el calendario agr\u00edcola de la familia. Se trata de atar el esp\u00edritu de la papa para evitar que \u00e9ste viaje a sitios lejanos o al Hanan Pacha (mundo celestial).<br \/>\nLa ceremonia vincula el esp\u00edritu de la papa a las chacras (fincas andinas con campos para cultivo), para que no suba al Hanan Pacha, pues ello causar\u00eda da\u00f1os a sus cultivos.<\/p>\n<p>La ceremonia vincula el esp\u00edritu de la papa a las chacras (fincas andinas con campos de cultivo), para que no suba al Hanan Pacha, para los pobladores esto causar\u00eda da\u00f1os a sus cultivos.<\/p>\n<p>&nbsp;<\/p>\n<p><img loading=\"lazy\" decoding=\"async\" class=\"size-full wp-image-16872 aligncenter\" src=\"http:\/\/localhost\/chullostravelperublog\/wp-content\/uploads\/2023\/03\/Parque-de-la-papa-1.jpg\" alt=\"\" width=\"1000\" height=\"600\" srcset=\"https:\/\/www.chullostravelperu.com\/blog\/wp-content\/uploads\/2023\/03\/Parque-de-la-papa-1.jpg 1000w, https:\/\/www.chullostravelperu.com\/blog\/wp-content\/uploads\/2023\/03\/Parque-de-la-papa-1-300x180.jpg 300w, https:\/\/www.chullostravelperu.com\/blog\/wp-content\/uploads\/2023\/03\/Parque-de-la-papa-1-768x461.jpg 768w\" sizes=\"auto, (max-width: 1000px) 100vw, 1000px\" \/><\/p>\n<h2>\u00bfQu\u00e9 hacer en el parque de la papa?<\/h2>\n<p>Los visitantes del Parque de la Papa de Pisac pueden elegir entre caminatas guiadas de tres o cinco d\u00edas por el parque, o una visita de un d\u00eda que incluye un recorrido pr\u00e1ctico por una granja de papas, una comida hecha con una variedad de papas peruanas locales y visitas a algunas de las comunidades involucradas en el proyecto. El parque tambi\u00e9n ofrece una clase de cocina con variedades locales de papa.<\/p>\n<p><i class=\"fas fa-check-double \" ><\/i> Visita la laguna azul Qocha y Kinsa Qocha.<\/p>\n<p><i class=\"fas fa-check-double \" ><\/i> Banco de semillas y centro de interpretaci\u00f3n de la papa<\/p>\n<p><i class=\"fas fa-check-double \" ><\/i> Gastonomia tipica<\/p>\n<p><i class=\"fas fa-check-double \" ><\/i> Preparacion y venta de medicina andina<\/p>\n<p><i class=\"fas fa-check-double \" ><\/i> Venta y exposici\u00f3n de textiles.<\/p>\n<p>&nbsp;<\/p>\n<p><img loading=\"lazy\" decoding=\"async\" class=\"size-full wp-image-16862 aligncenter\" src=\"http:\/\/localhost\/chullostravelperublog\/wp-content\/uploads\/2023\/03\/parque-de-la-papa-.jpg\" alt=\"\" width=\"1000\" height=\"600\" srcset=\"https:\/\/www.chullostravelperu.com\/blog\/wp-content\/uploads\/2023\/03\/parque-de-la-papa-.jpg 1000w, https:\/\/www.chullostravelperu.com\/blog\/wp-content\/uploads\/2023\/03\/parque-de-la-papa--300x180.jpg 300w, https:\/\/www.chullostravelperu.com\/blog\/wp-content\/uploads\/2023\/03\/parque-de-la-papa--768x461.jpg 768w\" sizes=\"auto, (max-width: 1000px) 100vw, 1000px\" \/><\/p>\n<p>&nbsp;<\/p>\n<p>&nbsp;<\/p>\n","protected":false},"excerpt":{"rendered":"<p>Parque de la Papa en Pisac Se encuentra ubicado en el Valle Sagrado de los incas, abarca un promedio de\u00a0 12,000 hect\u00e1reas de tierras andinas donde los residentes locales administran y conservan uno de sus recursos agr\u00edcolas m\u00e1s importantes. En el parque de la papa es una de las experiencias mas exitosas de innovaci\u00f3n en [&hellip;]<\/p>\n","protected":false},"author":1,"featured_media":16859,"comment_status":"open","ping_status":"open","sticky":false,"template":"","format":"standard","meta":{"footnotes":""},"categories":[11,17],"tags":[],"class_list":["post-6751","post","type-post","status-publish","format-standard","has-post-thumbnail","hentry","category-blog","category-cusco-en"],"acf":[],"yoast_head":"<!-- This site is optimized with the Yoast SEO plugin v27.5 - https:\/\/yoast.com\/product\/yoast-seo-wordpress\/ -->\n<title>Parque de la Papa en Pisac | Turismo Comunitario -Valle Sagrado |<\/title>\n<meta name=\"description\" content=\"Administrado por las cinco comunidades ind\u00edgenas de Amaru, Chawaytire, Pampallacta, Paru Paru y Sacaca. Parque de la Papa en Pisac\" \/>\n<meta name=\"robots\" content=\"index, follow, max-snippet:-1, max-image-preview:large, max-video-preview:-1\" \/>\n<link rel=\"canonical\" href=\"https:\/\/www.chullostravelperu.com\/blog\/parque-de-la-papa-en-pisac\" \/>\n<meta property=\"og:locale\" content=\"es_ES\" \/>\n<meta property=\"og:type\" content=\"article\" \/>\n<meta property=\"og:title\" content=\"Parque de la Papa en Pisac | Turismo Comunitario -Valle Sagrado |\" \/>\n<meta property=\"og:description\" content=\"Administrado por las cinco comunidades ind\u00edgenas de Amaru, Chawaytire, Pampallacta, Paru Paru y Sacaca. Parque de la Papa en Pisac\" \/>\n<meta property=\"og:url\" content=\"https:\/\/www.chullostravelperu.com\/blog\/parque-de-la-papa-en-pisac\" \/>\n<meta property=\"og:site_name\" content=\"Chullos Travel Peru Blog\" \/>\n<meta property=\"article:published_time\" content=\"2023-03-08T17:19:27+00:00\" \/>\n<meta property=\"og:image\" content=\"https:\/\/www.chullostravelperu.com\/blog\/wp-content\/uploads\/2023\/03\/Parque-de-la-papa.jpg\" \/>\n\t<meta property=\"og:image:width\" content=\"1000\" \/>\n\t<meta property=\"og:image:height\" content=\"600\" \/>\n\t<meta property=\"og:image:type\" content=\"image\/jpeg\" \/>\n<meta name=\"author\" content=\"Mr Suicide Sheep\" \/>\n<meta name=\"twitter:card\" content=\"summary_large_image\" \/>\n<meta name=\"twitter:label1\" content=\"Written by\" \/>\n\t<meta name=\"twitter:data1\" content=\"Mr Suicide Sheep\" \/>\n\t<meta name=\"twitter:label2\" content=\"Est. reading time\" \/>\n\t<meta name=\"twitter:data2\" content=\"3 minutos\" \/>\n<script type=\"application\/ld+json\" class=\"yoast-schema-graph\">{\"@context\":\"https:\\\/\\\/schema.org\",\"@graph\":[{\"@type\":\"Article\",\"@id\":\"https:\\\/\\\/www.chullostravelperu.com\\\/blog\\\/parque-de-la-papa-en-pisac#article\",\"isPartOf\":{\"@id\":\"https:\\\/\\\/www.chullostravelperu.com\\\/blog\\\/parque-de-la-papa-en-pisac\"},\"author\":{\"name\":\"Mr Suicide Sheep\",\"@id\":\"https:\\\/\\\/www.chullostravelperu.com\\\/blog\\\/#\\\/schema\\\/person\\\/32ea98473caea578cb0113769fa9c6a8\"},\"headline\":\"Parque de la Papa en Pisac\",\"datePublished\":\"2023-03-08T17:19:27+00:00\",\"mainEntityOfPage\":{\"@id\":\"https:\\\/\\\/www.chullostravelperu.com\\\/blog\\\/parque-de-la-papa-en-pisac\"},\"wordCount\":519,\"commentCount\":0,\"image\":{\"@id\":\"https:\\\/\\\/www.chullostravelperu.com\\\/blog\\\/parque-de-la-papa-en-pisac#primaryimage\"},\"thumbnailUrl\":\"https:\\\/\\\/www.chullostravelperu.com\\\/blog\\\/wp-content\\\/uploads\\\/2023\\\/03\\\/Parque-de-la-papa.jpg\",\"articleSection\":[\"Blog\",\"Cusco\"],\"inLanguage\":\"es-PE\",\"potentialAction\":[{\"@type\":\"CommentAction\",\"name\":\"Comment\",\"target\":[\"https:\\\/\\\/www.chullostravelperu.com\\\/blog\\\/parque-de-la-papa-en-pisac#respond\"]}]},{\"@type\":\"WebPage\",\"@id\":\"https:\\\/\\\/www.chullostravelperu.com\\\/blog\\\/parque-de-la-papa-en-pisac\",\"url\":\"https:\\\/\\\/www.chullostravelperu.com\\\/blog\\\/parque-de-la-papa-en-pisac\",\"name\":\"Parque de la Papa en Pisac | Turismo Comunitario -Valle Sagrado |\",\"isPartOf\":{\"@id\":\"https:\\\/\\\/www.chullostravelperu.com\\\/blog\\\/#website\"},\"primaryImageOfPage\":{\"@id\":\"https:\\\/\\\/www.chullostravelperu.com\\\/blog\\\/parque-de-la-papa-en-pisac#primaryimage\"},\"image\":{\"@id\":\"https:\\\/\\\/www.chullostravelperu.com\\\/blog\\\/parque-de-la-papa-en-pisac#primaryimage\"},\"thumbnailUrl\":\"https:\\\/\\\/www.chullostravelperu.com\\\/blog\\\/wp-content\\\/uploads\\\/2023\\\/03\\\/Parque-de-la-papa.jpg\",\"datePublished\":\"2023-03-08T17:19:27+00:00\",\"author\":{\"@id\":\"https:\\\/\\\/www.chullostravelperu.com\\\/blog\\\/#\\\/schema\\\/person\\\/32ea98473caea578cb0113769fa9c6a8\"},\"description\":\"Administrado por las cinco comunidades ind\u00edgenas de Amaru, Chawaytire, Pampallacta, Paru Paru y Sacaca. Parque de la Papa en Pisac\",\"breadcrumb\":{\"@id\":\"https:\\\/\\\/www.chullostravelperu.com\\\/blog\\\/parque-de-la-papa-en-pisac#breadcrumb\"},\"inLanguage\":\"es-PE\",\"potentialAction\":[{\"@type\":\"ReadAction\",\"target\":[\"https:\\\/\\\/www.chullostravelperu.com\\\/blog\\\/parque-de-la-papa-en-pisac\"]}]},{\"@type\":\"ImageObject\",\"inLanguage\":\"es-PE\",\"@id\":\"https:\\\/\\\/www.chullostravelperu.com\\\/blog\\\/parque-de-la-papa-en-pisac#primaryimage\",\"url\":\"https:\\\/\\\/www.chullostravelperu.com\\\/blog\\\/wp-content\\\/uploads\\\/2023\\\/03\\\/Parque-de-la-papa.jpg\",\"contentUrl\":\"https:\\\/\\\/www.chullostravelperu.com\\\/blog\\\/wp-content\\\/uploads\\\/2023\\\/03\\\/Parque-de-la-papa.jpg\",\"width\":1000,\"height\":600},{\"@type\":\"BreadcrumbList\",\"@id\":\"https:\\\/\\\/www.chullostravelperu.com\\\/blog\\\/parque-de-la-papa-en-pisac#breadcrumb\",\"itemListElement\":[{\"@type\":\"ListItem\",\"position\":1,\"name\":\"Portada\",\"item\":\"https:\\\/\\\/www.chullostravelperu.com\\\/blog\\\/\"},{\"@type\":\"ListItem\",\"position\":2,\"name\":\"Parque de la Papa en Pisac\"}]},{\"@type\":\"WebSite\",\"@id\":\"https:\\\/\\\/www.chullostravelperu.com\\\/blog\\\/#website\",\"url\":\"https:\\\/\\\/www.chullostravelperu.com\\\/blog\\\/\",\"name\":\"Chullos Travel Peru Blog\",\"description\":\"\",\"potentialAction\":[{\"@type\":\"SearchAction\",\"target\":{\"@type\":\"EntryPoint\",\"urlTemplate\":\"https:\\\/\\\/www.chullostravelperu.com\\\/blog\\\/?s={search_term_string}\"},\"query-input\":{\"@type\":\"PropertyValueSpecification\",\"valueRequired\":true,\"valueName\":\"search_term_string\"}}],\"inLanguage\":\"es-PE\"},{\"@type\":\"Person\",\"@id\":\"https:\\\/\\\/www.chullostravelperu.com\\\/blog\\\/#\\\/schema\\\/person\\\/32ea98473caea578cb0113769fa9c6a8\",\"name\":\"Mr Suicide Sheep\",\"image\":{\"@type\":\"ImageObject\",\"inLanguage\":\"es-PE\",\"@id\":\"https:\\\/\\\/secure.gravatar.com\\\/avatar\\\/996c6a8f582dbc42ada5a593327b4a6a3d2f1ff9f13601cd548550f78f300d7b?s=96&d=mm&r=g\",\"url\":\"https:\\\/\\\/secure.gravatar.com\\\/avatar\\\/996c6a8f582dbc42ada5a593327b4a6a3d2f1ff9f13601cd548550f78f300d7b?s=96&d=mm&r=g\",\"contentUrl\":\"https:\\\/\\\/secure.gravatar.com\\\/avatar\\\/996c6a8f582dbc42ada5a593327b4a6a3d2f1ff9f13601cd548550f78f300d7b?s=96&d=mm&r=g\",\"caption\":\"Mr Suicide Sheep\"},\"sameAs\":[\"http:\\\/\\\/localhost\\\/chullosperublog\"],\"url\":\"https:\\\/\\\/www.chullostravelperu.com\\\/blog\\\/author\\\/mr-suicide-sheep\"}]}<\/script>\n<!-- \/ Yoast SEO plugin. -->","yoast_head_json":{"title":"Parque de la Papa en Pisac | Turismo Comunitario -Valle Sagrado |","description":"Administrado por las cinco comunidades ind\u00edgenas de Amaru, Chawaytire, Pampallacta, Paru Paru y Sacaca. Parque de la Papa en Pisac","robots":{"index":"index","follow":"follow","max-snippet":"max-snippet:-1","max-image-preview":"max-image-preview:large","max-video-preview":"max-video-preview:-1"},"canonical":"https:\/\/www.chullostravelperu.com\/blog\/parque-de-la-papa-en-pisac","og_locale":"es_ES","og_type":"article","og_title":"Parque de la Papa en Pisac | Turismo Comunitario -Valle Sagrado |","og_description":"Administrado por las cinco comunidades ind\u00edgenas de Amaru, Chawaytire, Pampallacta, Paru Paru y Sacaca. Parque de la Papa en Pisac","og_url":"https:\/\/www.chullostravelperu.com\/blog\/parque-de-la-papa-en-pisac","og_site_name":"Chullos Travel Peru Blog","article_published_time":"2023-03-08T17:19:27+00:00","og_image":[{"width":1000,"height":600,"url":"https:\/\/www.chullostravelperu.com\/blog\/wp-content\/uploads\/2023\/03\/Parque-de-la-papa.jpg","type":"image\/jpeg"}],"author":"Mr Suicide Sheep","twitter_card":"summary_large_image","twitter_misc":{"Written by":"Mr Suicide Sheep","Est. reading time":"3 minutos"},"schema":{"@context":"https:\/\/schema.org","@graph":[{"@type":"Article","@id":"https:\/\/www.chullostravelperu.com\/blog\/parque-de-la-papa-en-pisac#article","isPartOf":{"@id":"https:\/\/www.chullostravelperu.com\/blog\/parque-de-la-papa-en-pisac"},"author":{"name":"Mr Suicide Sheep","@id":"https:\/\/www.chullostravelperu.com\/blog\/#\/schema\/person\/32ea98473caea578cb0113769fa9c6a8"},"headline":"Parque de la Papa en Pisac","datePublished":"2023-03-08T17:19:27+00:00","mainEntityOfPage":{"@id":"https:\/\/www.chullostravelperu.com\/blog\/parque-de-la-papa-en-pisac"},"wordCount":519,"commentCount":0,"image":{"@id":"https:\/\/www.chullostravelperu.com\/blog\/parque-de-la-papa-en-pisac#primaryimage"},"thumbnailUrl":"https:\/\/www.chullostravelperu.com\/blog\/wp-content\/uploads\/2023\/03\/Parque-de-la-papa.jpg","articleSection":["Blog","Cusco"],"inLanguage":"es-PE","potentialAction":[{"@type":"CommentAction","name":"Comment","target":["https:\/\/www.chullostravelperu.com\/blog\/parque-de-la-papa-en-pisac#respond"]}]},{"@type":"WebPage","@id":"https:\/\/www.chullostravelperu.com\/blog\/parque-de-la-papa-en-pisac","url":"https:\/\/www.chullostravelperu.com\/blog\/parque-de-la-papa-en-pisac","name":"Parque de la Papa en Pisac | Turismo Comunitario -Valle Sagrado |","isPartOf":{"@id":"https:\/\/www.chullostravelperu.com\/blog\/#website"},"primaryImageOfPage":{"@id":"https:\/\/www.chullostravelperu.com\/blog\/parque-de-la-papa-en-pisac#primaryimage"},"image":{"@id":"https:\/\/www.chullostravelperu.com\/blog\/parque-de-la-papa-en-pisac#primaryimage"},"thumbnailUrl":"https:\/\/www.chullostravelperu.com\/blog\/wp-content\/uploads\/2023\/03\/Parque-de-la-papa.jpg","datePublished":"2023-03-08T17:19:27+00:00","author":{"@id":"https:\/\/www.chullostravelperu.com\/blog\/#\/schema\/person\/32ea98473caea578cb0113769fa9c6a8"},"description":"Administrado por las cinco comunidades ind\u00edgenas de Amaru, Chawaytire, Pampallacta, Paru Paru y Sacaca. Parque de la Papa en Pisac","breadcrumb":{"@id":"https:\/\/www.chullostravelperu.com\/blog\/parque-de-la-papa-en-pisac#breadcrumb"},"inLanguage":"es-PE","potentialAction":[{"@type":"ReadAction","target":["https:\/\/www.chullostravelperu.com\/blog\/parque-de-la-papa-en-pisac"]}]},{"@type":"ImageObject","inLanguage":"es-PE","@id":"https:\/\/www.chullostravelperu.com\/blog\/parque-de-la-papa-en-pisac#primaryimage","url":"https:\/\/www.chullostravelperu.com\/blog\/wp-content\/uploads\/2023\/03\/Parque-de-la-papa.jpg","contentUrl":"https:\/\/www.chullostravelperu.com\/blog\/wp-content\/uploads\/2023\/03\/Parque-de-la-papa.jpg","width":1000,"height":600},{"@type":"BreadcrumbList","@id":"https:\/\/www.chullostravelperu.com\/blog\/parque-de-la-papa-en-pisac#breadcrumb","itemListElement":[{"@type":"ListItem","position":1,"name":"Portada","item":"https:\/\/www.chullostravelperu.com\/blog\/"},{"@type":"ListItem","position":2,"name":"Parque de la Papa en Pisac"}]},{"@type":"WebSite","@id":"https:\/\/www.chullostravelperu.com\/blog\/#website","url":"https:\/\/www.chullostravelperu.com\/blog\/","name":"Chullos Travel Peru Blog","description":"","potentialAction":[{"@type":"SearchAction","target":{"@type":"EntryPoint","urlTemplate":"https:\/\/www.chullostravelperu.com\/blog\/?s={search_term_string}"},"query-input":{"@type":"PropertyValueSpecification","valueRequired":true,"valueName":"search_term_string"}}],"inLanguage":"es-PE"},{"@type":"Person","@id":"https:\/\/www.chullostravelperu.com\/blog\/#\/schema\/person\/32ea98473caea578cb0113769fa9c6a8","name":"Mr Suicide Sheep","image":{"@type":"ImageObject","inLanguage":"es-PE","@id":"https:\/\/secure.gravatar.com\/avatar\/996c6a8f582dbc42ada5a593327b4a6a3d2f1ff9f13601cd548550f78f300d7b?s=96&d=mm&r=g","url":"https:\/\/secure.gravatar.com\/avatar\/996c6a8f582dbc42ada5a593327b4a6a3d2f1ff9f13601cd548550f78f300d7b?s=96&d=mm&r=g","contentUrl":"https:\/\/secure.gravatar.com\/avatar\/996c6a8f582dbc42ada5a593327b4a6a3d2f1ff9f13601cd548550f78f300d7b?s=96&d=mm&r=g","caption":"Mr Suicide Sheep"},"sameAs":["http:\/\/localhost\/chullosperublog"],"url":"https:\/\/www.chullostravelperu.com\/blog\/author\/mr-suicide-sheep"}]}},"_links":{"self":[{"href":"https:\/\/www.chullostravelperu.com\/blog\/wp-json\/wp\/v2\/posts\/6751","targetHints":{"allow":["GET"]}}],"collection":[{"href":"https:\/\/www.chullostravelperu.com\/blog\/wp-json\/wp\/v2\/posts"}],"about":[{"href":"https:\/\/www.chullostravelperu.com\/blog\/wp-json\/wp\/v2\/types\/post"}],"author":[{"embeddable":true,"href":"https:\/\/www.chullostravelperu.com\/blog\/wp-json\/wp\/v2\/users\/1"}],"replies":[{"embeddable":true,"href":"https:\/\/www.chullostravelperu.com\/blog\/wp-json\/wp\/v2\/comments?post=6751"}],"version-history":[{"count":0,"href":"https:\/\/www.chullostravelperu.com\/blog\/wp-json\/wp\/v2\/posts\/6751\/revisions"}],"wp:featuredmedia":[{"embeddable":true,"href":"https:\/\/www.chullostravelperu.com\/blog\/wp-json\/wp\/v2\/media\/16859"}],"wp:attachment":[{"href":"https:\/\/www.chullostravelperu.com\/blog\/wp-json\/wp\/v2\/media?parent=6751"}],"wp:term":[{"taxonomy":"category","embeddable":true,"href":"https:\/\/www.chullostravelperu.com\/blog\/wp-json\/wp\/v2\/categories?post=6751"},{"taxonomy":"post_tag","embeddable":true,"href":"https:\/\/www.chullostravelperu.com\/blog\/wp-json\/wp\/v2\/tags?post=6751"}],"curies":[{"name":"wp","href":"https:\/\/api.w.org\/{rel}","templated":true}]}}